{"id":3608,"date":"2023-09-05T10:20:00","date_gmt":"2023-09-05T07:20:00","guid":{"rendered":"https:\/\/e-tic.ro\/?p=3608"},"modified":"2023-10-19T10:24:17","modified_gmt":"2023-10-19T07:24:17","slug":"a-sasea-sesiune-pilot-de-formare-organizata-de-catre-asociatia-municipiilor-din-romania","status":"publish","type":"post","link":"https:\/\/e-tic.ro\/en\/a-sasea-sesiune-pilot-de-formare-organizata-de-catre-asociatia-municipiilor-din-romania\/","title":{"rendered":"A \u0219asea sesiune pilot de formare organizat\u0103 de c\u0103tre Asocia\u021bia Municipiilor din Rom\u00e2nia"},"content":{"rendered":"<p>Asocia\u021bia Municipiilor din Rom\u00e2nia &#8211; AMR a organizat \u00een perioada 28-29 august 2023, \u00een municipiul Zal\u0103u, <a>a \u0219asea sesiune pilot de formare<\/a>, \u00een cadrul proiectului \u201e<em>\u00cembun\u0103t\u0103\u021birea accesului \u0219i a calit\u0103\u021bii serviciilor pentru cet\u0103\u021beni<\/em> \u2013 o administra\u021bie public\u0103 transparent\u0103 \u0219i responsabil\u0103\u201d, finan\u021bat prin Granturile Norvegiene 2014-2021, \u00een cadrul Programului Dezvoltare local\u0103.<\/p>\n\n\n\n<figure class=\"wp-block-image size-large\"><img fetchpriority=\"high\" decoding=\"async\" width=\"1024\" height=\"768\" src=\"https:\/\/e-tic.ro\/wp-content\/uploads\/2023\/10\/WhatsApp-Image-2023-08-30-at-11.16.02-aleasa-1024x768.jpeg\" alt=\"\" class=\"wp-image-3610\" srcset=\"https:\/\/e-tic.ro\/wp-content\/uploads\/2023\/10\/WhatsApp-Image-2023-08-30-at-11.16.02-aleasa-1024x768.jpeg 1024w, https:\/\/e-tic.ro\/wp-content\/uploads\/2023\/10\/WhatsApp-Image-2023-08-30-at-11.16.02-aleasa-300x225.jpeg 300w, https:\/\/e-tic.ro\/wp-content\/uploads\/2023\/10\/WhatsApp-Image-2023-08-30-at-11.16.02-aleasa-768x576.jpeg 768w, https:\/\/e-tic.ro\/wp-content\/uploads\/2023\/10\/WhatsApp-Image-2023-08-30-at-11.16.02-aleasa-100x75.jpeg 100w, https:\/\/e-tic.ro\/wp-content\/uploads\/2023\/10\/WhatsApp-Image-2023-08-30-at-11.16.02-aleasa-960x720.jpeg 960w, https:\/\/e-tic.ro\/wp-content\/uploads\/2023\/10\/WhatsApp-Image-2023-08-30-at-11.16.02-aleasa-480x360.jpeg 480w\" sizes=\"(max-width:767px) 480px, (max-width:1024px) 100vw, 1024px\" \/><\/figure>\n\n\n\n<figure class=\"wp-block-image size-large\"><img decoding=\"async\" width=\"1024\" height=\"768\" src=\"https:\/\/e-tic.ro\/wp-content\/uploads\/2023\/10\/WhatsApp-Image-2023-08-30-at-11.16.03-1aleasa-3-1024x768.jpeg\" alt=\"\" class=\"wp-image-3611\" srcset=\"https:\/\/e-tic.ro\/wp-content\/uploads\/2023\/10\/WhatsApp-Image-2023-08-30-at-11.16.03-1aleasa-3-1024x768.jpeg 1024w, https:\/\/e-tic.ro\/wp-content\/uploads\/2023\/10\/WhatsApp-Image-2023-08-30-at-11.16.03-1aleasa-3-300x225.jpeg 300w, https:\/\/e-tic.ro\/wp-content\/uploads\/2023\/10\/WhatsApp-Image-2023-08-30-at-11.16.03-1aleasa-3-768x576.jpeg 768w, https:\/\/e-tic.ro\/wp-content\/uploads\/2023\/10\/WhatsApp-Image-2023-08-30-at-11.16.03-1aleasa-3-100x75.jpeg 100w, https:\/\/e-tic.ro\/wp-content\/uploads\/2023\/10\/WhatsApp-Image-2023-08-30-at-11.16.03-1aleasa-3-960x720.jpeg 960w, https:\/\/e-tic.ro\/wp-content\/uploads\/2023\/10\/WhatsApp-Image-2023-08-30-at-11.16.03-1aleasa-3-480x360.jpeg 480w\" sizes=\"(max-width:767px) 480px, (max-width:1024px) 100vw, 1024px\" \/><\/figure>\n\n\n\n<p>S-au \u00eenscris la aceast\u0103 sesiune 30 func\u021bionari publici \u0219i ale\u0219i locali, av\u00e2nd ca obiectiv principal formarea \u00een cele 4 domenii specifice ale proiectului: etic\u0103, transparen\u021b\u0103, conflicte de interese \u0219i incompatibilit\u0103\u021bi. Men\u021bion\u0103m prezen\u021ba la sesiune, \u00een calitate de cursan\u021bi, a \u00eentregii echipe de conducere a prim\u0103riei municipiului Zal\u0103u \u2013 gazd\u0103 a evenimentului.<\/p>\n\n\n\n<figure class=\"wp-block-image size-large\"><img decoding=\"async\" width=\"1024\" height=\"768\" src=\"https:\/\/e-tic.ro\/wp-content\/uploads\/2023\/10\/WhatsApp-Image-2023-08-30-at-11.16.03-aleasa-IV-1024x768.jpeg\" alt=\"\" class=\"wp-image-3612\" srcset=\"https:\/\/e-tic.ro\/wp-content\/uploads\/2023\/10\/WhatsApp-Image-2023-08-30-at-11.16.03-aleasa-IV-1024x768.jpeg 1024w, https:\/\/e-tic.ro\/wp-content\/uploads\/2023\/10\/WhatsApp-Image-2023-08-30-at-11.16.03-aleasa-IV-300x225.jpeg 300w, https:\/\/e-tic.ro\/wp-content\/uploads\/2023\/10\/WhatsApp-Image-2023-08-30-at-11.16.03-aleasa-IV-768x576.jpeg 768w, https:\/\/e-tic.ro\/wp-content\/uploads\/2023\/10\/WhatsApp-Image-2023-08-30-at-11.16.03-aleasa-IV-100x75.jpeg 100w, https:\/\/e-tic.ro\/wp-content\/uploads\/2023\/10\/WhatsApp-Image-2023-08-30-at-11.16.03-aleasa-IV-960x720.jpeg 960w, https:\/\/e-tic.ro\/wp-content\/uploads\/2023\/10\/WhatsApp-Image-2023-08-30-at-11.16.03-aleasa-IV-480x360.jpeg 480w\" sizes=\"(max-width:767px) 480px, (max-width:1024px) 100vw, 1024px\" \/><\/figure>\n\n\n\n<figure class=\"wp-block-image size-large\"><img loading=\"lazy\" decoding=\"async\" width=\"1024\" height=\"768\" src=\"https:\/\/e-tic.ro\/wp-content\/uploads\/2023\/10\/WhatsApp-Image-2023-08-30-at-11.16.05-aleasa-2-1024x768.jpeg\" alt=\"\" class=\"wp-image-3613\" srcset=\"https:\/\/e-tic.ro\/wp-content\/uploads\/2023\/10\/WhatsApp-Image-2023-08-30-at-11.16.05-aleasa-2-1024x768.jpeg 1024w, https:\/\/e-tic.ro\/wp-content\/uploads\/2023\/10\/WhatsApp-Image-2023-08-30-at-11.16.05-aleasa-2-300x225.jpeg 300w, https:\/\/e-tic.ro\/wp-content\/uploads\/2023\/10\/WhatsApp-Image-2023-08-30-at-11.16.05-aleasa-2-768x576.jpeg 768w, https:\/\/e-tic.ro\/wp-content\/uploads\/2023\/10\/WhatsApp-Image-2023-08-30-at-11.16.05-aleasa-2-100x75.jpeg 100w, https:\/\/e-tic.ro\/wp-content\/uploads\/2023\/10\/WhatsApp-Image-2023-08-30-at-11.16.05-aleasa-2-960x720.jpeg 960w, https:\/\/e-tic.ro\/wp-content\/uploads\/2023\/10\/WhatsApp-Image-2023-08-30-at-11.16.05-aleasa-2-480x360.jpeg 480w\" sizes=\"(max-width:767px) 480px, (max-width:1024px) 100vw, 1024px\" \/><\/figure>\n\n\n\n<p>Domnul Ionel CIUNT, primarul municipiului Zal\u0103u a participat la sesiunea de formare \u0219i a adresat cursan\u021bilor un cuv\u00e2nt de bun venit, apreciind subiectele abordate \u00een cadrul Proiectului E-TIC \u0219i proiectele desf\u0103\u0219urate de municipiile membre ale AMR. Domnul Ciunt apreciaz\u0103 \u0219i sus\u021bine permanent atragerea de fonduri europene f\u0103r\u0103 de care Municipiul Zal\u0103u nu s-ar fi dezvoltat armonios. P\u00e2n\u0103 \u00een prezent, au fost atrase fonduri estimate la 250 milioane de Euro, av\u00e2nd la baz\u0103 Strategia de Dezvoltare a Municipiului \u0219i sunt \u00een desf\u0103\u0219urare multe proiecte \u0219i lucr\u0103ri. Domnul primar consider\u0103 c\u0103 lucrurile se schimb\u0103 mereu \u00eentr-o comunitate \u0219i administra\u021bia trebuie s\u0103 se adapteze continuu la nevoile cet\u0103\u021beanului.<\/p>\n\n\n\n<figure class=\"wp-block-image size-large\"><img loading=\"lazy\" decoding=\"async\" width=\"1024\" height=\"768\" src=\"https:\/\/e-tic.ro\/wp-content\/uploads\/2023\/10\/WhatsApp-Image-2023-08-30-at-11.16.05-1024x768.jpeg\" alt=\"\" class=\"wp-image-3614\" srcset=\"https:\/\/e-tic.ro\/wp-content\/uploads\/2023\/10\/WhatsApp-Image-2023-08-30-at-11.16.05-1024x768.jpeg 1024w, https:\/\/e-tic.ro\/wp-content\/uploads\/2023\/10\/WhatsApp-Image-2023-08-30-at-11.16.05-300x225.jpeg 300w, https:\/\/e-tic.ro\/wp-content\/uploads\/2023\/10\/WhatsApp-Image-2023-08-30-at-11.16.05-768x576.jpeg 768w, https:\/\/e-tic.ro\/wp-content\/uploads\/2023\/10\/WhatsApp-Image-2023-08-30-at-11.16.05-100x75.jpeg 100w, https:\/\/e-tic.ro\/wp-content\/uploads\/2023\/10\/WhatsApp-Image-2023-08-30-at-11.16.05-960x720.jpeg 960w, https:\/\/e-tic.ro\/wp-content\/uploads\/2023\/10\/WhatsApp-Image-2023-08-30-at-11.16.05-480x360.jpeg 480w\" sizes=\"(max-width:767px) 480px, (max-width:1024px) 100vw, 1024px\" \/><\/figure>\n\n\n\n<p>Doamna STEPANESCU Lilioara, din cadrul Prim\u0103riei Municipiului Arad, \u00een calitate de formator al sesiunii a prezentat concepte teoretice, metode \u0219i instrumente de lucru, exerci\u021bii practice \u0219i studii de caz specifice tematicilor tratate prin proiect. Pe parcursul sesiunii s-au purtat discu\u021bii pe tema integrit\u0103\u021bii individuale \u0219i institu\u021bionale, a codului de conduit\u0103 \u0219i a comportamentului etic, no\u021biuni de transparen\u021ba institu\u021bional\u0103 \u0219i organiza\u021bional\u0103, exemple de conflict de interes \u0219i incompatibilit\u0103\u021bi din administra\u021bie.<\/p>\n\n\n\n<figure class=\"wp-block-image size-large\"><img loading=\"lazy\" decoding=\"async\" width=\"1024\" height=\"768\" src=\"https:\/\/e-tic.ro\/wp-content\/uploads\/2023\/10\/WhatsApp-Image-2023-08-30-at-11.16.06-1-1024x768.jpeg\" alt=\"\" class=\"wp-image-3615\" srcset=\"https:\/\/e-tic.ro\/wp-content\/uploads\/2023\/10\/WhatsApp-Image-2023-08-30-at-11.16.06-1-1024x768.jpeg 1024w, https:\/\/e-tic.ro\/wp-content\/uploads\/2023\/10\/WhatsApp-Image-2023-08-30-at-11.16.06-1-300x225.jpeg 300w, https:\/\/e-tic.ro\/wp-content\/uploads\/2023\/10\/WhatsApp-Image-2023-08-30-at-11.16.06-1-768x576.jpeg 768w, https:\/\/e-tic.ro\/wp-content\/uploads\/2023\/10\/WhatsApp-Image-2023-08-30-at-11.16.06-1-100x75.jpeg 100w, https:\/\/e-tic.ro\/wp-content\/uploads\/2023\/10\/WhatsApp-Image-2023-08-30-at-11.16.06-1-960x720.jpeg 960w, https:\/\/e-tic.ro\/wp-content\/uploads\/2023\/10\/WhatsApp-Image-2023-08-30-at-11.16.06-1-480x360.jpeg 480w\" sizes=\"(max-width:767px) 480px, (max-width:1024px) 100vw, 1024px\" \/><\/figure>\n\n\n\n<p>Au fost prezentate cursan\u021bilor Bro\u0219ura \u201eFII ETIC! AC\u021aIONEAZ\u0102 ETIC!\u201d, Manualul alesului local \u0219i Ghidul E-TIC &#8211; materiale elaborate prin proiect \u0219i s-au f\u0103cut recomand\u0103ri pentru utilizarea studiilor \u0219i procedurilor postate pe Centrul de Informare E-TIC, realizat \u0219i implementat \u00een sprijinul autorit\u0103\u021bilor publice locale (http:\/\/centru.e-tic.ro).<\/p>\n\n\n\n<figure class=\"wp-block-image size-large\"><img loading=\"lazy\" decoding=\"async\" width=\"1024\" height=\"768\" src=\"https:\/\/e-tic.ro\/wp-content\/uploads\/2023\/10\/WhatsApp-Image-2023-08-30-at-11.16.06-2-1024x768.jpeg\" alt=\"\" class=\"wp-image-3616\" srcset=\"https:\/\/e-tic.ro\/wp-content\/uploads\/2023\/10\/WhatsApp-Image-2023-08-30-at-11.16.06-2-1024x768.jpeg 1024w, https:\/\/e-tic.ro\/wp-content\/uploads\/2023\/10\/WhatsApp-Image-2023-08-30-at-11.16.06-2-300x225.jpeg 300w, https:\/\/e-tic.ro\/wp-content\/uploads\/2023\/10\/WhatsApp-Image-2023-08-30-at-11.16.06-2-768x576.jpeg 768w, https:\/\/e-tic.ro\/wp-content\/uploads\/2023\/10\/WhatsApp-Image-2023-08-30-at-11.16.06-2-100x75.jpeg 100w, https:\/\/e-tic.ro\/wp-content\/uploads\/2023\/10\/WhatsApp-Image-2023-08-30-at-11.16.06-2-960x720.jpeg 960w, https:\/\/e-tic.ro\/wp-content\/uploads\/2023\/10\/WhatsApp-Image-2023-08-30-at-11.16.06-2-480x360.jpeg 480w\" sizes=\"(max-width:767px) 480px, (max-width:1024px) 100vw, 1024px\" \/><\/figure>\n\n\n\n<p>Evenimentul a fost organizat \u00een cadrul proiectului \u201e<em>\u00cembun\u0103t\u0103\u021birea accesului \u0219i calit\u0103\u021bii serviciilor pentru cet\u0103\u021beni \u2013 o administra\u021bie public\u0103 transparent\u0103 \u0219i responsabil\u0103<\/em>\u201d, finan\u021bat prin Granturile Norvegiene, \u00een cadrul Programului Dezvoltare local\u0103, implementat de Asocia\u021bia Comunelor din Rom\u00e2nia \u00een parteneriat cu Asocia\u021bia Municipiilor din Rom\u00e2nia \u0219i Asocia\u021bia Norvegian\u0103 a Autorit\u0103\u021bilor Locale \u0219i Regionale.<\/p>","protected":false},"excerpt":{"rendered":"<p>Asocia\u021bia Municipiilor din Rom\u00e2nia &#8211; AMR a organizat \u00een perioada 28-29 august 2023, \u00een municipiul Zal\u0103u, a \u0219asea sesiune pilot de formare, \u00een cadrul proiectului \u201e\u00cembun\u0103t\u0103\u021birea<span class=\"excerpt-hellip\"> [\u2026]<\/span><\/p>","protected":false},"author":18,"featured_media":3609,"comment_status":"closed","ping_status":"closed","sticky":false,"template":"","format":"standard","meta":{"footnotes":""},"categories":[28],"tags":[],"class_list":["post-3608","post","type-post","status-publish","format-standard","has-post-thumbnail","hentry","category-uncategorized-en"],"_links":{"self":[{"href":"https:\/\/e-tic.ro\/en\/wp-json\/wp\/v2\/posts\/3608","targetHints":{"allow":["GET"]}}],"collection":[{"href":"https:\/\/e-tic.ro\/en\/wp-json\/wp\/v2\/posts"}],"about":[{"href":"https:\/\/e-tic.ro\/en\/wp-json\/wp\/v2\/types\/post"}],"author":[{"embeddable":true,"href":"https:\/\/e-tic.ro\/en\/wp-json\/wp\/v2\/users\/18"}],"replies":[{"embeddable":true,"href":"https:\/\/e-tic.ro\/en\/wp-json\/wp\/v2\/comments?post=3608"}],"version-history":[{"count":1,"href":"https:\/\/e-tic.ro\/en\/wp-json\/wp\/v2\/posts\/3608\/revisions"}],"predecessor-version":[{"id":3617,"href":"https:\/\/e-tic.ro\/en\/wp-json\/wp\/v2\/posts\/3608\/revisions\/3617"}],"wp:featuredmedia":[{"embeddable":true,"href":"https:\/\/e-tic.ro\/en\/wp-json\/wp\/v2\/media\/3609"}],"wp:attachment":[{"href":"https:\/\/e-tic.ro\/en\/wp-json\/wp\/v2\/media?parent=3608"}],"wp:term":[{"taxonomy":"category","embeddable":true,"href":"https:\/\/e-tic.ro\/en\/wp-json\/wp\/v2\/categories?post=3608"},{"taxonomy":"post_tag","embeddable":true,"href":"https:\/\/e-tic.ro\/en\/wp-json\/wp\/v2\/tags?post=3608"}],"curies":[{"name":"wp","href":"https:\/\/api.w.org\/{rel}","templated":true}]}}