{"id":3507,"date":"2023-09-18T08:16:22","date_gmt":"2023-09-18T08:16:22","guid":{"rendered":"https:\/\/e-tic.ro\/?p=3507"},"modified":"2023-09-18T08:17:39","modified_gmt":"2023-09-18T08:17:39","slug":"comunicat-de-presa","status":"publish","type":"post","link":"https:\/\/e-tic.ro\/en\/comunicat-de-presa\/","title":{"rendered":"COMUNICAT DE PRES\u0102"},"content":{"rendered":"<p class=\"has-black-color has-text-color\">Conferin\u021ba final\u0103 a proiectului<br>\u201e\u00cembun\u0103t\u0103\u021birea accesului \u0219i a calit\u0103\u021bii serviciilor pentru cet\u0103\u021beni \u2013 o administra\u021bie public\u0103 transparent\u0103 \u0219i responsabil\u0103\u201d cod PNP002<\/p>\n\n\n\n<p class=\"has-black-color has-text-color\">Asocia\u021bia Comunelor din Rom\u00e2nia \u2013 ACoR, Asocia\u021bia Autorit\u0103\u021bilor Locale \u0219i Regionale din Norvegia \u2013 KS \u0219i Asocia\u021bia Municipiilor din Rom\u00e2nia \u2013 AMR implementeaz\u0103 proiectul \u201e\u00cembun\u0103t\u0103\u021birea accesului \u0219i a calit\u0103\u021bii serviciilor pentru cet\u0103\u021beni \u2013 o administra\u021bie public\u0103 transparent\u0103 \u0219i responsabil\u0103\u201d, beneficiind de un grant \u00een cadrul Programului \u201eDezvoltare local\u0103, reducerea s\u0103r\u0103ciei \u0219i cre\u0219terea incluziunii romilor\u201d, finan\u021bat prin Granturile SEE \u0219i Norvegiene 2014-2021.<br>Proiectul vizeaz\u0103 cre\u0219terea gradului de con\u0219tientizare a reprezentan\u021bilor autorit\u0103\u021bilor locale cu privire la aspecte ce \u021bin de integritate, transparen\u021b\u0103 decizional\u0103, incompatibilit\u0103\u021bi \u0219i conflict de interese.<br>Proiectul se desf\u0103\u0219oar\u0103 \u00een perioada 30 septembrie 2019 \u2013 29 septembrie 2023.<br>Conferin\u021ba final\u0103 a proiectului \u201e\u00cembun\u0103t\u0103\u021birea accesului \u0219i a calit\u0103\u021bii serviciilor pentru cet\u0103\u021beni \u2013 o administra\u021bie public\u0103 transparent\u0103 \u0219i responsabil\u0103\u201d se va desf\u0103\u0219ura \u00een perioada 19 \u2013 21 septembrie 2023, la Hotelul MyContinental din municipiul Sibiu, jude\u021bul Sibiu (Calea Dumbr\u0103vii nr. 2 \u2013 4).<br>Conferin\u021ba va avea ca scop principal prezentarea rezultatelor proiectului, a impactului produs p\u00e2n\u0103 \u00een acest moment, a experien\u021belor \u0219i studiilor de caz din Norvegia, precum \u0219i a posibilit\u0103\u021bilor de colaborare \u00een vederea continu\u0103rii activit\u0103\u021bilor proiectului.<br>Pentru informa\u021bii suplimentare, pute\u021bi s\u0103 v\u0103 adresa\u021bi doamnei Cristina POP (Asocia\u021bia Comunelor din Rom\u00e2nia, telefon: 0756.156.540, adresa de po\u0219t\u0103 electronic\u0103:&nbsp;cristina.pop@acor.ro) sau doamnei Diana GHEORGHE-VR\u00ceNCEANU (Asocia\u021bia Municipiilor din Rom\u00e2nia, telefon: 0799.994.983, adresa de po\u0219t\u0103<br>electronic\u0103:&nbsp;diana.vrinceanu@amr.ro).<\/p>\n\n\n\n<p class=\"has-black-color has-text-color\">Reg\u0103si\u021bi comunicatul de pres\u0103 acces\u00e2nd link-ul: <a href=\"https:\/\/drive.google.com\/file\/d\/19EAgeH73JTRNo-RPzaspI2xhA9KThahj\/view?usp=sharing\">Comunicat de pres\u0103<\/a><\/p>","protected":false},"excerpt":{"rendered":"<p>Conferin\u021ba final\u0103 a proiectului\u201e\u00cembun\u0103t\u0103\u021birea accesului \u0219i a calit\u0103\u021bii serviciilor pentru cet\u0103\u021beni \u2013 o administra\u021bie public\u0103 transparent\u0103 \u0219i responsabil\u0103\u201d cod PNP002 Asocia\u021bia Comunelor din Rom\u00e2nia \u2013 ACoR,<span class=\"excerpt-hellip\"> [\u2026]<\/span><\/p>","protected":false},"author":18,"featured_media":3495,"comment_status":"closed","ping_status":"open","sticky":false,"template":"","format":"standard","meta":{"footnotes":""},"categories":[28],"tags":[],"class_list":["post-3507","post","type-post","status-publish","format-standard","has-post-thumbnail","hentry","category-uncategorized-en"],"_links":{"self":[{"href":"https:\/\/e-tic.ro\/en\/wp-json\/wp\/v2\/posts\/3507","targetHints":{"allow":["GET"]}}],"collection":[{"href":"https:\/\/e-tic.ro\/en\/wp-json\/wp\/v2\/posts"}],"about":[{"href":"https:\/\/e-tic.ro\/en\/wp-json\/wp\/v2\/types\/post"}],"author":[{"embeddable":true,"href":"https:\/\/e-tic.ro\/en\/wp-json\/wp\/v2\/users\/18"}],"replies":[{"embeddable":true,"href":"https:\/\/e-tic.ro\/en\/wp-json\/wp\/v2\/comments?post=3507"}],"version-history":[{"count":1,"href":"https:\/\/e-tic.ro\/en\/wp-json\/wp\/v2\/posts\/3507\/revisions"}],"predecessor-version":[{"id":3508,"href":"https:\/\/e-tic.ro\/en\/wp-json\/wp\/v2\/posts\/3507\/revisions\/3508"}],"wp:featuredmedia":[{"embeddable":true,"href":"https:\/\/e-tic.ro\/en\/wp-json\/wp\/v2\/media\/3495"}],"wp:attachment":[{"href":"https:\/\/e-tic.ro\/en\/wp-json\/wp\/v2\/media?parent=3507"}],"wp:term":[{"taxonomy":"category","embeddable":true,"href":"https:\/\/e-tic.ro\/en\/wp-json\/wp\/v2\/categories?post=3507"},{"taxonomy":"post_tag","embeddable":true,"href":"https:\/\/e-tic.ro\/en\/wp-json\/wp\/v2\/tags?post=3507"}],"curies":[{"name":"wp","href":"https:\/\/api.w.org\/{rel}","templated":true}]}}