{"id":3352,"date":"2023-05-25T08:12:35","date_gmt":"2023-05-25T08:12:35","guid":{"rendered":"https:\/\/e-tic.ro\/?p=3352"},"modified":"2023-05-25T08:12:37","modified_gmt":"2023-05-25T08:12:37","slug":"asociatia-comunelor-din-romania-a-organizat-sesiunea-de-formare-cu-numarul-opt-dedicata-alesilor-locali-aflati-la-primul-mandat","status":"publish","type":"post","link":"https:\/\/e-tic.ro\/en\/asociatia-comunelor-din-romania-a-organizat-sesiunea-de-formare-cu-numarul-opt-dedicata-alesilor-locali-aflati-la-primul-mandat\/","title":{"rendered":"Asocia\u021bia Comunelor din Rom\u00e2nia a organizat sesiunea de formare cu num\u0103rul opt dedicat\u0103 ale\u0219ilor locali afla\u021bi la primul mandat"},"content":{"rendered":"<p>Asocia\u021bia Comunelor din Rom\u00e2nia \u2013 ACoR a organizat la Hotelul Rozmarin din ora\u0219ul Predeal, jude\u021bul Bra\u0219ov, sesiunea de formare cu num\u0103rul opt dedicat\u0103 ale\u0219ilor locali afla\u021bi la primul mandat, \u00een cadrul proiectului \u201e<em>\u00cembun\u0103t\u0103\u021birea accesului \u0219i calit\u0103\u021bii serviciilor pentru cet\u0103\u021beni \u2013 o administra\u021bie public\u0103 transparent\u0103 \u0219i responsabil\u0103<\/em>\u201d, finan\u021bat prin Granturile Norvegiene, \u00een cadrul Programului Dezvoltare local\u0103.<\/p>\n\n\n\n<p>Astfel, \u00een perioada 18 \u2013 21 mai 2023, au fost instrui\u021bi, \u00een ceea ce prive\u0219te cadrul general aplicabil administra\u021biei publice, principiile bunei guvern\u0103ri \u0219i organizarea institu\u021bional\u0103 a administra\u021biei publice locale, un num\u0103r de 26 participan\u021bi, reprezentan\u021bi ai 19 comune din jude\u021bele Arge\u0219, D\u00e2mbovi\u021ba, Ilfov, Neam\u021b, Prahova, Teleorman, Timi\u0219, Vaslui \u0219i V\u00e2lcea.<\/p>\n\n\n\n<p>Sesiunea de formare l-a avut ca formator pe dl Csaba BONCIDAI, primarul comunei Pericei, jude\u021bul S\u0103laj. Organizator de curs a fost dl Aurel RADU \u2013 coordonator instruire \u00een cadrul proiectului.<\/p>\n\n\n\n<p class=\"has-text-align-left\">Subiectele abordate de formator au vizat o serie de informa\u021bii cu privire la administrarea propriet\u0103\u021bii publice \u0219i private a unit\u0103\u021bilor administrativ-teritoriale, finan\u021bele publice locale, managementul resurselor umane, managementul investi\u021biilor, managementul proiectelor cu fonduri externe nerambursabile, achizi\u021bii publice, sistemul de control intern managerial, principalele registre specifice administra\u021biei publice locale, serviciile e-guvernare \u0219i elaborarea documentelor de politici publice de interes local.<\/p>\n\n\n\n<figure class=\"wp-block-image size-large\"><img fetchpriority=\"high\" decoding=\"async\" width=\"1024\" height=\"768\" src=\"https:\/\/e-tic.ro\/wp-content\/uploads\/2023\/05\/39ad3c1e-1ed7-4e74-b491-a9408f5b338d-1024x768.jpeg\" alt=\"\" class=\"wp-image-3353\" srcset=\"https:\/\/e-tic.ro\/wp-content\/uploads\/2023\/05\/39ad3c1e-1ed7-4e74-b491-a9408f5b338d-1024x768.jpeg 1024w, https:\/\/e-tic.ro\/wp-content\/uploads\/2023\/05\/39ad3c1e-1ed7-4e74-b491-a9408f5b338d-300x225.jpeg 300w, https:\/\/e-tic.ro\/wp-content\/uploads\/2023\/05\/39ad3c1e-1ed7-4e74-b491-a9408f5b338d-768x576.jpeg 768w, https:\/\/e-tic.ro\/wp-content\/uploads\/2023\/05\/39ad3c1e-1ed7-4e74-b491-a9408f5b338d-195x146.jpeg 195w, https:\/\/e-tic.ro\/wp-content\/uploads\/2023\/05\/39ad3c1e-1ed7-4e74-b491-a9408f5b338d-50x38.jpeg 50w, https:\/\/e-tic.ro\/wp-content\/uploads\/2023\/05\/39ad3c1e-1ed7-4e74-b491-a9408f5b338d-100x75.jpeg 100w, https:\/\/e-tic.ro\/wp-content\/uploads\/2023\/05\/39ad3c1e-1ed7-4e74-b491-a9408f5b338d-960x720.jpeg 960w\" sizes=\"(max-width:767px) 480px, (max-width:1024px) 100vw, 1024px\" \/><\/figure>\n\n\n\n<figure class=\"wp-block-image size-large\"><img decoding=\"async\" width=\"1024\" height=\"768\" src=\"https:\/\/e-tic.ro\/wp-content\/uploads\/2023\/05\/20230519_093117-1024x768.jpg\" alt=\"\" class=\"wp-image-3354\" srcset=\"https:\/\/e-tic.ro\/wp-content\/uploads\/2023\/05\/20230519_093117-1024x768.jpg 1024w, https:\/\/e-tic.ro\/wp-content\/uploads\/2023\/05\/20230519_093117-300x225.jpg 300w, https:\/\/e-tic.ro\/wp-content\/uploads\/2023\/05\/20230519_093117-768x576.jpg 768w, https:\/\/e-tic.ro\/wp-content\/uploads\/2023\/05\/20230519_093117-195x146.jpg 195w, https:\/\/e-tic.ro\/wp-content\/uploads\/2023\/05\/20230519_093117-50x38.jpg 50w, https:\/\/e-tic.ro\/wp-content\/uploads\/2023\/05\/20230519_093117-100x75.jpg 100w, https:\/\/e-tic.ro\/wp-content\/uploads\/2023\/05\/20230519_093117-960x720.jpg 960w\" sizes=\"(max-width:767px) 480px, (max-width:1024px) 100vw, 1024px\" \/><\/figure>\n\n\n\n<figure class=\"wp-block-image size-large\"><img decoding=\"async\" width=\"1024\" height=\"768\" src=\"https:\/\/e-tic.ro\/wp-content\/uploads\/2023\/05\/20230520_091735-1024x768.jpg\" alt=\"\" class=\"wp-image-3355\" srcset=\"https:\/\/e-tic.ro\/wp-content\/uploads\/2023\/05\/20230520_091735-1024x768.jpg 1024w, https:\/\/e-tic.ro\/wp-content\/uploads\/2023\/05\/20230520_091735-300x225.jpg 300w, https:\/\/e-tic.ro\/wp-content\/uploads\/2023\/05\/20230520_091735-768x576.jpg 768w, https:\/\/e-tic.ro\/wp-content\/uploads\/2023\/05\/20230520_091735-195x146.jpg 195w, https:\/\/e-tic.ro\/wp-content\/uploads\/2023\/05\/20230520_091735-50x38.jpg 50w, https:\/\/e-tic.ro\/wp-content\/uploads\/2023\/05\/20230520_091735-100x75.jpg 100w, https:\/\/e-tic.ro\/wp-content\/uploads\/2023\/05\/20230520_091735-960x720.jpg 960w\" sizes=\"(max-width:767px) 480px, (max-width:1024px) 100vw, 1024px\" \/><\/figure>","protected":false},"excerpt":{"rendered":"<p>Asocia\u021bia Comunelor din Rom\u00e2nia \u2013 ACoR a organizat la Hotelul Rozmarin din ora\u0219ul Predeal, jude\u021bul Bra\u0219ov, sesiunea de formare cu num\u0103rul opt dedicat\u0103 ale\u0219ilor locali afla\u021bi<span class=\"excerpt-hellip\"> [\u2026]<\/span><\/p>","protected":false},"author":16,"featured_media":3354,"comment_status":"open","ping_status":"open","sticky":false,"template":"","format":"standard","meta":{"footnotes":""},"categories":[1],"tags":[],"class_list":["post-3352","post","type-post","status-publish","format-standard","has-post-thumbnail","hentry","category-uncategorized"],"_links":{"self":[{"href":"https:\/\/e-tic.ro\/en\/wp-json\/wp\/v2\/posts\/3352","targetHints":{"allow":["GET"]}}],"collection":[{"href":"https:\/\/e-tic.ro\/en\/wp-json\/wp\/v2\/posts"}],"about":[{"href":"https:\/\/e-tic.ro\/en\/wp-json\/wp\/v2\/types\/post"}],"author":[{"embeddable":true,"href":"https:\/\/e-tic.ro\/en\/wp-json\/wp\/v2\/users\/16"}],"replies":[{"embeddable":true,"href":"https:\/\/e-tic.ro\/en\/wp-json\/wp\/v2\/comments?post=3352"}],"version-history":[{"count":2,"href":"https:\/\/e-tic.ro\/en\/wp-json\/wp\/v2\/posts\/3352\/revisions"}],"predecessor-version":[{"id":3357,"href":"https:\/\/e-tic.ro\/en\/wp-json\/wp\/v2\/posts\/3352\/revisions\/3357"}],"wp:featuredmedia":[{"embeddable":true,"href":"https:\/\/e-tic.ro\/en\/wp-json\/wp\/v2\/media\/3354"}],"wp:attachment":[{"href":"https:\/\/e-tic.ro\/en\/wp-json\/wp\/v2\/media?parent=3352"}],"wp:term":[{"taxonomy":"category","embeddable":true,"href":"https:\/\/e-tic.ro\/en\/wp-json\/wp\/v2\/categories?post=3352"},{"taxonomy":"post_tag","embeddable":true,"href":"https:\/\/e-tic.ro\/en\/wp-json\/wp\/v2\/tags?post=3352"}],"curies":[{"name":"wp","href":"https:\/\/api.w.org\/{rel}","templated":true}]}}