{"id":3340,"date":"2023-05-19T12:02:25","date_gmt":"2023-05-19T12:02:25","guid":{"rendered":"https:\/\/e-tic.ro\/?p=3340"},"modified":"2023-05-19T12:05:31","modified_gmt":"2023-05-19T12:05:31","slug":"prima-sesiune-de-formare-pilot-organizata-in-comuna-suhaia-judetul-teleorman-de-catre-asociatia-comunelor-din-romania","status":"publish","type":"post","link":"https:\/\/e-tic.ro\/en\/prima-sesiune-de-formare-pilot-organizata-in-comuna-suhaia-judetul-teleorman-de-catre-asociatia-comunelor-din-romania\/","title":{"rendered":"Prima sesiune de formare pilot organizat\u0103 \u00een comuna Suhaia, jude\u021bul Teleorman, de c\u0103tre Asocia\u021bia Comunelor din Rom\u00e2nia"},"content":{"rendered":"<p>\u00cen comuna Suhaia, \u00een perioada 18-19 mai 2023, a fost organizat\u0103 sesiunea de formare pilot cu titlul \u201e<em>Interac\u021biune \u0219i colaborare \u00eentre membrii Consiliului local, aparatul de specialitate al primarului, servicii de specialitate la nivelul comunei Suhaia, jude\u021bul Teleorman<\/em>\u201d.<\/p>\n\n\n\n<p>Sesiunea de formare pilot a fost organizat\u0103 \u00een cadrul proiectului \u201e<em>\u00cembun\u0103t\u0103\u021birea accesului \u0219i calit\u0103\u021bii serviciilor pentru cet\u0103\u021beni \u2013 o administra\u021bie public\u0103 transparent\u0103 \u0219i responsabil\u0103<\/em>\u201d, finan\u021bat prin Granturile Norvegiene, \u00een cadrul Programului Dezvoltare local\u0103.<\/p>\n\n\n\n<p>Au participat 25 de persoane, consilieri locali, func\u021bionari publici, personal contractual, reprezentan\u021bi ai serviciilor publice subordonate, de la nivelul comunei.<\/p>\n\n\n\n<p>Evenimentul s-a axat pe principiile bunei guvern\u0103ri, modul \u00een care acestea sunt aplicate la nivelul comunei \u0219i pe con\u0219tientizarea rolului pe care ale\u0219ii locali, func\u021bionarii publici \u0219i personalul contractual \u00eel au \u00een comunitate, astfel \u00eenc\u00e2t s\u0103 creasc\u0103 gradul de \u00eencredere al cet\u0103\u021benilor \u00een autorit\u0103\u021bile publice locale.<\/p>\n\n\n\n<p>De asemenea, cele 4 subiecte ale proiectului, etica, transparen\u021ba, conflictul de interese \u0219i incompatibilit\u0103\u021bile la nivelul administra\u021biei publice locale, au fost explicate \u00een cele 2 zile de formare.<\/p>\n\n\n\n<p>Men\u021bion\u0103m c\u0103 aceste sesiuni de formare pilot au la baz\u0103 experien\u021ba partenerului din Norvegia, Asocia\u021bia Autorit\u0103\u021bilor Locale \u0219i Regionale din Norvegia, care organizeaz\u0103 astfel de sesiuni de formare pentru fiecare municipalitate din Norvegia pe parcursul fiec\u0103rui ciclu electoral.<\/p>\n\n\n\n<figure class=\"wp-block-image size-large\"><img fetchpriority=\"high\" decoding=\"async\" width=\"1024\" height=\"473\" src=\"https:\/\/e-tic.ro\/wp-content\/uploads\/2023\/05\/9063c0c7-7e84-4c1f-a061-d7e9f87b5475-1024x473.jpg\" alt=\"\" class=\"wp-image-3341\" srcset=\"https:\/\/e-tic.ro\/wp-content\/uploads\/2023\/05\/9063c0c7-7e84-4c1f-a061-d7e9f87b5475-1024x473.jpg 1024w, https:\/\/e-tic.ro\/wp-content\/uploads\/2023\/05\/9063c0c7-7e84-4c1f-a061-d7e9f87b5475-300x139.jpg 300w, https:\/\/e-tic.ro\/wp-content\/uploads\/2023\/05\/9063c0c7-7e84-4c1f-a061-d7e9f87b5475-768x355.jpg 768w, https:\/\/e-tic.ro\/wp-content\/uploads\/2023\/05\/9063c0c7-7e84-4c1f-a061-d7e9f87b5475-260x120.jpg 260w, https:\/\/e-tic.ro\/wp-content\/uploads\/2023\/05\/9063c0c7-7e84-4c1f-a061-d7e9f87b5475-50x23.jpg 50w, https:\/\/e-tic.ro\/wp-content\/uploads\/2023\/05\/9063c0c7-7e84-4c1f-a061-d7e9f87b5475-150x69.jpg 150w\" sizes=\"(max-width:767px) 480px, (max-width:1024px) 100vw, 1024px\" \/><\/figure>\n\n\n\n<figure class=\"wp-block-image size-large\"><img decoding=\"async\" width=\"1024\" height=\"473\" src=\"https:\/\/e-tic.ro\/wp-content\/uploads\/2023\/05\/5c8fe1c2-a1c8-4f8d-954f-0e8c3a76bbe3-1024x473.jpg\" alt=\"\" class=\"wp-image-3344\" srcset=\"https:\/\/e-tic.ro\/wp-content\/uploads\/2023\/05\/5c8fe1c2-a1c8-4f8d-954f-0e8c3a76bbe3-1024x473.jpg 1024w, https:\/\/e-tic.ro\/wp-content\/uploads\/2023\/05\/5c8fe1c2-a1c8-4f8d-954f-0e8c3a76bbe3-300x139.jpg 300w, https:\/\/e-tic.ro\/wp-content\/uploads\/2023\/05\/5c8fe1c2-a1c8-4f8d-954f-0e8c3a76bbe3-768x355.jpg 768w, https:\/\/e-tic.ro\/wp-content\/uploads\/2023\/05\/5c8fe1c2-a1c8-4f8d-954f-0e8c3a76bbe3-260x120.jpg 260w, https:\/\/e-tic.ro\/wp-content\/uploads\/2023\/05\/5c8fe1c2-a1c8-4f8d-954f-0e8c3a76bbe3-50x23.jpg 50w, https:\/\/e-tic.ro\/wp-content\/uploads\/2023\/05\/5c8fe1c2-a1c8-4f8d-954f-0e8c3a76bbe3-150x69.jpg 150w\" sizes=\"(max-width:767px) 480px, (max-width:1024px) 100vw, 1024px\" \/><\/figure>","protected":false},"excerpt":{"rendered":"<p>\u00cen comuna Suhaia, \u00een perioada 18-19 mai 2023, a fost organizat\u0103 sesiunea de formare pilot cu titlul \u201eInterac\u021biune \u0219i colaborare \u00eentre membrii Consiliului local, aparatul de<span class=\"excerpt-hellip\"> [\u2026]<\/span><\/p>","protected":false},"author":16,"featured_media":3342,"comment_status":"open","ping_status":"open","sticky":false,"template":"","format":"standard","meta":{"footnotes":""},"categories":[1],"tags":[],"class_list":["post-3340","post","type-post","status-publish","format-standard","has-post-thumbnail","hentry","category-uncategorized"],"_links":{"self":[{"href":"https:\/\/e-tic.ro\/en\/wp-json\/wp\/v2\/posts\/3340","targetHints":{"allow":["GET"]}}],"collection":[{"href":"https:\/\/e-tic.ro\/en\/wp-json\/wp\/v2\/posts"}],"about":[{"href":"https:\/\/e-tic.ro\/en\/wp-json\/wp\/v2\/types\/post"}],"author":[{"embeddable":true,"href":"https:\/\/e-tic.ro\/en\/wp-json\/wp\/v2\/users\/16"}],"replies":[{"embeddable":true,"href":"https:\/\/e-tic.ro\/en\/wp-json\/wp\/v2\/comments?post=3340"}],"version-history":[{"count":3,"href":"https:\/\/e-tic.ro\/en\/wp-json\/wp\/v2\/posts\/3340\/revisions"}],"predecessor-version":[{"id":3347,"href":"https:\/\/e-tic.ro\/en\/wp-json\/wp\/v2\/posts\/3340\/revisions\/3347"}],"wp:featuredmedia":[{"embeddable":true,"href":"https:\/\/e-tic.ro\/en\/wp-json\/wp\/v2\/media\/3342"}],"wp:attachment":[{"href":"https:\/\/e-tic.ro\/en\/wp-json\/wp\/v2\/media?parent=3340"}],"wp:term":[{"taxonomy":"category","embeddable":true,"href":"https:\/\/e-tic.ro\/en\/wp-json\/wp\/v2\/categories?post=3340"},{"taxonomy":"post_tag","embeddable":true,"href":"https:\/\/e-tic.ro\/en\/wp-json\/wp\/v2\/tags?post=3340"}],"curies":[{"name":"wp","href":"https:\/\/api.w.org\/{rel}","templated":true}]}}