{"id":1769,"date":"2022-07-25T10:14:31","date_gmt":"2022-07-25T10:14:31","guid":{"rendered":"https:\/\/e-tic.ro\/?p=1769"},"modified":"2022-09-13T10:18:35","modified_gmt":"2022-09-13T10:18:35","slug":"municipiul-alba-iulia-gazduieste-o-sesiune-de-formare-a-proiectului-e-tic","status":"publish","type":"post","link":"https:\/\/e-tic.ro\/en\/municipiul-alba-iulia-gazduieste-o-sesiune-de-formare-a-proiectului-e-tic\/","title":{"rendered":"Municipiul Alba Iulia g\u0103zduie\u0219te o sesiune de formare a Proiectului E-TIC"},"content":{"rendered":"<p>\u00cen perioada 20 &#8211; 23 iulie 2022 se afl\u0103 \u00een desf\u0103\u0219urare \u00een municipiul Alba Iulia cea de-a treizeci\u0219ipatra sesiune de formare organizat\u0103 de AMR \u00een cadrul proiectului \u201e\u00cembun\u0103t\u0103\u021birea accesului \u0219i a calit\u0103\u021bii serviciilor pentru cet\u0103\u021beni \u2013 o administra\u021bie public\u0103 transparent\u0103 \u0219i responsabil\u0103\u201d, finan\u021bat prin Granturile SEE \u0219i Norvegiene.<\/p>\n<p>Pe parcursul sesiunii de formare participan\u021bii din partea municipiilor Alba Iulia, Blaj \u0219i Sebe\u0219 reprezent\u00e2nd ale\u0219i locali \u0219i func\u021bionari publici sunt instrui\u021bi \u00een cele 4 domenii vizate de proiect: transparen\u021b\u0103 decizional\u0103, etic\u0103 organiza\u021bional\u0103, incompatibilit\u0103\u021bi \u0219i conflicte de interese.<\/p>\n<p>Sesiunea de formare a fost deschis\u0103 de domnul Filimon Marius, viceprimarul municipiului Alba Iulia care particip\u0103 la \u00eentregul program al sesiunii \u0219i care a exprimat aprecierea fa\u021b\u0103 de proiect \u0219i dorin\u021ba ca aceste activit\u0103\u021bi s\u0103 fie continuate pentru a aduce un plus de cunostinte at\u00e2t pentru functionarii publici, c\u00e2t \u0219i pentru ale\u0219ii locali.<br \/>\n\u00cen prima zi a sesiunii domnul Moraru Adrian, expert pe etic\u0103 \u0219i transparen\u021b\u0103, membru al echipei de proiect AMR a prezentat no\u021biuni de baz\u0103 \u00een leg\u0103tur\u0103 cu conceptele de etic\u0103, moral\u0103 \u0219i integritate. Cursan\u021bii au avut posibilitatea de a dezbate spe\u021be pe dileme etice \u0219i au \u00eencercat s\u0103 identifice solutii potrivite pentru a \u00eembun\u0103t\u0103\u021bi nivelul de responsabilitate al func\u021bionarilor implica\u021bi \u00een procesul decizional, dar \u0219i pentru a aplica prevederile legale raportat la valorile morale individuale.<\/p>\n<p>Domnul Dobre Nelu, consilier de etic\u0103 \u00een cadrul Prim\u0103riei Municipiului C\u0103l\u0103ra\u0219i, \u00een calitate de formator al sesiunii a prezentat no\u021biuni, concepte teoretice, metode \u0219i instrumente de lucru \u00een domeniu, importan\u021ba integrit\u0103\u021bii individuale \u0219i institu\u021bionale, dar \u0219i exerci\u021bii practice \u0219i studii de caz. Informa\u021biile \u00eenscrise \u00een agenda program a evenimentului sunt menite s\u0103 ofere cursan\u021bilor oportunitatea de a transforma informa\u021biile acumulate \u00een noi cuno\u0219tin\u021be, abilit\u0103\u021bi \u0219i competen\u021be.<br \/>\nS-au purtat discu\u021bii pe subiecte legate de principiile bunei guvern\u0103ri la nivel local, integritate \u0219i conflict de interese, acte normative specifice administra\u021biei publice, elemente privind transparen\u021ba decizional\u0103, situa\u021bii de conflict de interese \u0219i incompatibilit\u0103\u021bi. Pe agenda program s-a aflat codul de conduit\u0103, comportamentul etic, instrumente \u0219i metode de prevenire la nivel institu\u021bional \u00een vederea ob\u021binerii unei integrit\u0103\u021bi institu\u021bionale \u0219i individuale.<br \/>\nReprezentan\u021bii celor trei municipii au contribuit \u00een mod activ la activit\u0103\u021bile desf\u0103\u0219urate \u0219i au prezentat exemple \u0219i bune practici din experien\u021ba lor profesional\u0103 la nivelul administra\u021biei publice locale.<br \/>\nTotodat\u0103, urmare particip\u0103rii la prima vizit\u0103 de studiu din Norvegia \u00een perioada 13-17 martie 2022, domnul formator a adus \u00een discu\u021bie informa\u021bii \u0219i experien\u021be prezentate de Prim\u0103ria Hamar \u0219i Asocia\u021bia Autorit\u0103\u021bilor Locale \u0219i Regionale din Norvegia, KS Norway \u2013 partener al proiectului. S-a vorbit despre sursele de venituri ale bugetului local, controlul intern, verificarea cheltuirii banilor publici, transparentizarea cheltuirii acestora \u0219i proceduri interne privind auditarea.<br \/>\nAu fost prezentate cursan\u0163ilor Manualul alesului local, Ghidul E-TIC \u015fi Bro\u015fura \u201eFII ETIC! AC\u021aIONEAZ\u0102 ETIC!\u201d &#8211; elaborate \u00een cadrul proiectului \u015fi s-au f\u0103cut recomand\u0103ri pentru utilizarea informa\u021biilor, studiilor \u015fi procedurilor postate pe Centrul de Informare E-TIC, g\u00e2ndit \u0219i implementat \u00een sprijinul autorit\u0103\u021bilor publice locale (http:\/\/centru.e-tic.ro).<\/p>\n<p>\u00cen partea final\u0103 a sesiunii de formare cursan\u021bii din fiecare municipiu vor elabora un plan de ac\u021biune la nivel local, cuprinz\u00e2nd activit\u0103\u021bi specifice care se pot aplica \u00een vederea disemin\u0103rii cuno\u0219tin\u021belor acumulate \u0219i a \u00eembun\u0103t\u0103\u021birii situa\u021biei existente la nivelul municipiilor prezente.<\/p>\n<p><img fetchpriority=\"high\" decoding=\"async\" class=\"alignnone size-full wp-image-1770\" src=\"https:\/\/e-tic.ro\/wp-content\/uploads\/2022\/09\/WhatsApp-Image-2022-08-29-at-15.44.43-3.jpeg\" alt=\"\" width=\"1600\" height=\"1200\" srcset=\"https:\/\/e-tic.ro\/wp-content\/uploads\/2022\/09\/WhatsApp-Image-2022-08-29-at-15.44.43-3.jpeg 1600w, https:\/\/e-tic.ro\/wp-content\/uploads\/2022\/09\/WhatsApp-Image-2022-08-29-at-15.44.43-3-300x225.jpeg 300w, https:\/\/e-tic.ro\/wp-content\/uploads\/2022\/09\/WhatsApp-Image-2022-08-29-at-15.44.43-3-1024x768.jpeg 1024w, https:\/\/e-tic.ro\/wp-content\/uploads\/2022\/09\/WhatsApp-Image-2022-08-29-at-15.44.43-3-768x576.jpeg 768w, https:\/\/e-tic.ro\/wp-content\/uploads\/2022\/09\/WhatsApp-Image-2022-08-29-at-15.44.43-3-1536x1152.jpeg 1536w, https:\/\/e-tic.ro\/wp-content\/uploads\/2022\/09\/WhatsApp-Image-2022-08-29-at-15.44.43-3-195x146.jpeg 195w, https:\/\/e-tic.ro\/wp-content\/uploads\/2022\/09\/WhatsApp-Image-2022-08-29-at-15.44.43-3-50x38.jpeg 50w, https:\/\/e-tic.ro\/wp-content\/uploads\/2022\/09\/WhatsApp-Image-2022-08-29-at-15.44.43-3-100x75.jpeg 100w, https:\/\/e-tic.ro\/wp-content\/uploads\/2022\/09\/WhatsApp-Image-2022-08-29-at-15.44.43-3-960x720.jpeg 960w\" sizes=\"(max-width:767px) 480px, (max-width:1600px) 100vw, 1600px\" \/> <img decoding=\"async\" class=\"alignnone size-full wp-image-1771\" src=\"https:\/\/e-tic.ro\/wp-content\/uploads\/2022\/09\/WhatsApp-Image-2022-08-29-at-15.44.43-2.jpeg\" alt=\"\" width=\"1600\" height=\"900\" srcset=\"https:\/\/e-tic.ro\/wp-content\/uploads\/2022\/09\/WhatsApp-Image-2022-08-29-at-15.44.43-2.jpeg 1600w, https:\/\/e-tic.ro\/wp-content\/uploads\/2022\/09\/WhatsApp-Image-2022-08-29-at-15.44.43-2-300x169.jpeg 300w, https:\/\/e-tic.ro\/wp-content\/uploads\/2022\/09\/WhatsApp-Image-2022-08-29-at-15.44.43-2-1024x576.jpeg 1024w, https:\/\/e-tic.ro\/wp-content\/uploads\/2022\/09\/WhatsApp-Image-2022-08-29-at-15.44.43-2-768x432.jpeg 768w, https:\/\/e-tic.ro\/wp-content\/uploads\/2022\/09\/WhatsApp-Image-2022-08-29-at-15.44.43-2-1536x864.jpeg 1536w, https:\/\/e-tic.ro\/wp-content\/uploads\/2022\/09\/WhatsApp-Image-2022-08-29-at-15.44.43-2-260x146.jpeg 260w, https:\/\/e-tic.ro\/wp-content\/uploads\/2022\/09\/WhatsApp-Image-2022-08-29-at-15.44.43-2-50x28.jpeg 50w, https:\/\/e-tic.ro\/wp-content\/uploads\/2022\/09\/WhatsApp-Image-2022-08-29-at-15.44.43-2-133x75.jpeg 133w, https:\/\/e-tic.ro\/wp-content\/uploads\/2022\/09\/WhatsApp-Image-2022-08-29-at-15.44.43-2-1200x675.jpeg 1200w\" sizes=\"(max-width:767px) 480px, (max-width:1600px) 100vw, 1600px\" \/> <img decoding=\"async\" class=\"alignnone size-full wp-image-1772\" src=\"https:\/\/e-tic.ro\/wp-content\/uploads\/2022\/09\/WhatsApp-Image-2022-08-29-at-15.44.43-1.jpeg\" alt=\"\" width=\"1600\" height=\"900\" srcset=\"https:\/\/e-tic.ro\/wp-content\/uploads\/2022\/09\/WhatsApp-Image-2022-08-29-at-15.44.43-1.jpeg 1600w, https:\/\/e-tic.ro\/wp-content\/uploads\/2022\/09\/WhatsApp-Image-2022-08-29-at-15.44.43-1-300x169.jpeg 300w, https:\/\/e-tic.ro\/wp-content\/uploads\/2022\/09\/WhatsApp-Image-2022-08-29-at-15.44.43-1-1024x576.jpeg 1024w, https:\/\/e-tic.ro\/wp-content\/uploads\/2022\/09\/WhatsApp-Image-2022-08-29-at-15.44.43-1-768x432.jpeg 768w, https:\/\/e-tic.ro\/wp-content\/uploads\/2022\/09\/WhatsApp-Image-2022-08-29-at-15.44.43-1-1536x864.jpeg 1536w, https:\/\/e-tic.ro\/wp-content\/uploads\/2022\/09\/WhatsApp-Image-2022-08-29-at-15.44.43-1-260x146.jpeg 260w, https:\/\/e-tic.ro\/wp-content\/uploads\/2022\/09\/WhatsApp-Image-2022-08-29-at-15.44.43-1-50x28.jpeg 50w, https:\/\/e-tic.ro\/wp-content\/uploads\/2022\/09\/WhatsApp-Image-2022-08-29-at-15.44.43-1-133x75.jpeg 133w, https:\/\/e-tic.ro\/wp-content\/uploads\/2022\/09\/WhatsApp-Image-2022-08-29-at-15.44.43-1-1200x675.jpeg 1200w\" sizes=\"(max-width:767px) 480px, (max-width:1600px) 100vw, 1600px\" \/><\/p>","protected":false},"excerpt":{"rendered":"<p>\u00cen perioada 20 &#8211; 23 iulie 2022 se afl\u0103 \u00een desf\u0103\u0219urare \u00een municipiul Alba Iulia cea de-a treizeci\u0219ipatra sesiune de formare organizat\u0103 de AMR \u00een cadrul<span class=\"excerpt-hellip\"> [\u2026]<\/span><\/p>","protected":false},"author":16,"featured_media":1773,"comment_status":"open","ping_status":"open","sticky":false,"template":"","format":"standard","meta":{"footnotes":""},"categories":[5],"tags":[],"class_list":["post-1769","post","type-post","status-publish","format-standard","has-post-thumbnail","hentry","category-stiri"],"_links":{"self":[{"href":"https:\/\/e-tic.ro\/en\/wp-json\/wp\/v2\/posts\/1769","targetHints":{"allow":["GET"]}}],"collection":[{"href":"https:\/\/e-tic.ro\/en\/wp-json\/wp\/v2\/posts"}],"about":[{"href":"https:\/\/e-tic.ro\/en\/wp-json\/wp\/v2\/types\/post"}],"author":[{"embeddable":true,"href":"https:\/\/e-tic.ro\/en\/wp-json\/wp\/v2\/users\/16"}],"replies":[{"embeddable":true,"href":"https:\/\/e-tic.ro\/en\/wp-json\/wp\/v2\/comments?post=1769"}],"version-history":[{"count":2,"href":"https:\/\/e-tic.ro\/en\/wp-json\/wp\/v2\/posts\/1769\/revisions"}],"predecessor-version":[{"id":1775,"href":"https:\/\/e-tic.ro\/en\/wp-json\/wp\/v2\/posts\/1769\/revisions\/1775"}],"wp:featuredmedia":[{"embeddable":true,"href":"https:\/\/e-tic.ro\/en\/wp-json\/wp\/v2\/media\/1773"}],"wp:attachment":[{"href":"https:\/\/e-tic.ro\/en\/wp-json\/wp\/v2\/media?parent=1769"}],"wp:term":[{"taxonomy":"category","embeddable":true,"href":"https:\/\/e-tic.ro\/en\/wp-json\/wp\/v2\/categories?post=1769"},{"taxonomy":"post_tag","embeddable":true,"href":"https:\/\/e-tic.ro\/en\/wp-json\/wp\/v2\/tags?post=1769"}],"curies":[{"name":"wp","href":"https:\/\/api.w.org\/{rel}","templated":true}]}}