{"id":1663,"date":"2022-05-16T14:18:06","date_gmt":"2022-05-16T14:18:06","guid":{"rendered":"https:\/\/e-tic.ro\/?p=1663"},"modified":"2023-03-04T17:05:40","modified_gmt":"2023-03-04T17:05:40","slug":"reprezentantii-comunelor-din-judetul-buzau-au-fost-instruiti-in-domeniile-etica-transparenta-incompatibilitati-si-conflict-de-interese","status":"publish","type":"post","link":"https:\/\/e-tic.ro\/en\/reprezentantii-comunelor-din-judetul-buzau-au-fost-instruiti-in-domeniile-etica-transparenta-incompatibilitati-si-conflict-de-interese\/","title":{"rendered":"Reprezentan\u021bii comunelor din jude\u021bul Buz\u0103u au fost instrui\u021bi \u00een domeniile: etic\u0103, transparen\u021b\u0103, incompatibilit\u0103\u021bi \u0219i conflict de interese"},"content":{"rendered":"<p style=\"font-weight: 400;\">Asocia\u021bia Comunelor din Rom\u00e2nia a organizat, \u00een perioada 12 -15 mai 2022,\u00a0 o nou\u0103 sesiune de instruire cu titlul \u201eEtic\u0103 \u0219i transparen\u021b\u0103, incompatibilit\u0103\u021bi \u0219i conflict de interese \u00een administra\u021bia public\u0103 local\u0103\u201d, pentru reprezentan\u021bii comunelor din jude\u021bul Buz\u0103u, la Hotel Rozmarin, Predeal, jude\u021bul Bra\u0219ov.<\/p>\n<p style=\"font-weight: 400;\">La evenimentul organizat \u00een cadrul proiectului \u201e\u00cembun\u0103t\u0103\u021birea accesului \u0219i calit\u0103\u021bii serviciilor pentru cet\u0103\u021beni \u2013 o administra\u021bie public\u0103 transparent\u0103 \u0219i responsabil\u0103\u201d, finan\u021bat prin Granturile Norvegiene, au participat 40 de cursan\u021bi, reprezentan\u021bi din jude\u021bul Buz\u0103u.<\/p>\n<p style=\"font-weight: 400;\">Obiectivele sesiunii de instruire au avut \u00een vedere activitatea desf\u0103\u0219urat\u0103 \u00een cadrul celor patru domenii de interes ale proiectului (etic\u0103, transparen\u021b\u0103, incompatibilit\u0103\u021bi \u0219i conflicte de interese), \u00eembun\u0103t\u0103\u021birea cuno\u0219tin\u021belor participan\u021bilor cu privire la principiile bunei guvern\u0103ri \u0219i elaborarea de c\u0103tre participan\u021bi a unor planuri de ac\u021biune pentru implementarea activit\u0103\u021bilor identificate pe parcursul sesiunii de formare.<\/p>\n<p style=\"font-weight: 400;\">Domnul Csaba BONCIDAI, primarul comunei Pericei, jude\u021bul S\u0103laj, \u00een calitate de formator, a sus\u021binut prezent\u0103ri pe temele cuprinse \u00een agenda sesiunii de formare, principiile bunei guvern\u0103ri, no\u021biuni legate de etic\u0103, transparen\u021b\u0103, integritate, diverse spe\u021be pe dileme etice \u00een scopul identific\u0103rii unor solu\u021bii optime av\u00e2nd drept scop cre\u0219terea responsabilit\u0103\u021bii func\u021bionarilor implica\u021bi \u00een procesul decizional.<\/p>\n<p><img fetchpriority=\"high\" decoding=\"async\" class=\"aligncenter size-large wp-image-1664\" src=\"https:\/\/e-tic.ro\/wp-content\/uploads\/2022\/07\/20220512_184539-1024x768.jpg\" alt=\"\" width=\"1024\" height=\"768\" srcset=\"https:\/\/e-tic.ro\/wp-content\/uploads\/2022\/07\/20220512_184539-1024x768.jpg 1024w, https:\/\/e-tic.ro\/wp-content\/uploads\/2022\/07\/20220512_184539-300x225.jpg 300w, https:\/\/e-tic.ro\/wp-content\/uploads\/2022\/07\/20220512_184539-768x576.jpg 768w, https:\/\/e-tic.ro\/wp-content\/uploads\/2022\/07\/20220512_184539-195x146.jpg 195w, https:\/\/e-tic.ro\/wp-content\/uploads\/2022\/07\/20220512_184539-50x38.jpg 50w, https:\/\/e-tic.ro\/wp-content\/uploads\/2022\/07\/20220512_184539-100x75.jpg 100w, https:\/\/e-tic.ro\/wp-content\/uploads\/2022\/07\/20220512_184539-960x720.jpg 960w\" sizes=\"(max-width:767px) 480px, (max-width:1024px) 100vw, 1024px\" \/><\/p>\n<p><img decoding=\"async\" class=\"aligncenter size-large wp-image-1666\" src=\"https:\/\/e-tic.ro\/wp-content\/uploads\/2022\/07\/20220513_125700-1024x768.jpg\" alt=\"\" width=\"1024\" height=\"768\" srcset=\"https:\/\/e-tic.ro\/wp-content\/uploads\/2022\/07\/20220513_125700-1024x768.jpg 1024w, https:\/\/e-tic.ro\/wp-content\/uploads\/2022\/07\/20220513_125700-300x225.jpg 300w, https:\/\/e-tic.ro\/wp-content\/uploads\/2022\/07\/20220513_125700-768x576.jpg 768w, https:\/\/e-tic.ro\/wp-content\/uploads\/2022\/07\/20220513_125700-195x146.jpg 195w, https:\/\/e-tic.ro\/wp-content\/uploads\/2022\/07\/20220513_125700-50x38.jpg 50w, https:\/\/e-tic.ro\/wp-content\/uploads\/2022\/07\/20220513_125700-100x75.jpg 100w, https:\/\/e-tic.ro\/wp-content\/uploads\/2022\/07\/20220513_125700-960x720.jpg 960w\" sizes=\"(max-width:767px) 480px, (max-width:1024px) 100vw, 1024px\" \/><\/p>","protected":false},"excerpt":{"rendered":"<p>Asocia\u021bia Comunelor din Rom\u00e2nia a organizat, \u00een perioada 12 -15 mai 2022,\u00a0 o nou\u0103 sesiune de instruire cu titlul \u201eEtic\u0103 \u0219i transparen\u021b\u0103, incompatibilit\u0103\u021bi \u0219i conflict de<span class=\"excerpt-hellip\"> [\u2026]<\/span><\/p>","protected":false},"author":16,"featured_media":1665,"comment_status":"open","ping_status":"open","sticky":false,"template":"","format":"standard","meta":{"footnotes":""},"categories":[5],"tags":[],"class_list":["post-1663","post","type-post","status-publish","format-standard","has-post-thumbnail","hentry","category-stiri"],"_links":{"self":[{"href":"https:\/\/e-tic.ro\/en\/wp-json\/wp\/v2\/posts\/1663","targetHints":{"allow":["GET"]}}],"collection":[{"href":"https:\/\/e-tic.ro\/en\/wp-json\/wp\/v2\/posts"}],"about":[{"href":"https:\/\/e-tic.ro\/en\/wp-json\/wp\/v2\/types\/post"}],"author":[{"embeddable":true,"href":"https:\/\/e-tic.ro\/en\/wp-json\/wp\/v2\/users\/16"}],"replies":[{"embeddable":true,"href":"https:\/\/e-tic.ro\/en\/wp-json\/wp\/v2\/comments?post=1663"}],"version-history":[{"count":1,"href":"https:\/\/e-tic.ro\/en\/wp-json\/wp\/v2\/posts\/1663\/revisions"}],"predecessor-version":[{"id":1667,"href":"https:\/\/e-tic.ro\/en\/wp-json\/wp\/v2\/posts\/1663\/revisions\/1667"}],"wp:featuredmedia":[{"embeddable":true,"href":"https:\/\/e-tic.ro\/en\/wp-json\/wp\/v2\/media\/1665"}],"wp:attachment":[{"href":"https:\/\/e-tic.ro\/en\/wp-json\/wp\/v2\/media?parent=1663"}],"wp:term":[{"taxonomy":"category","embeddable":true,"href":"https:\/\/e-tic.ro\/en\/wp-json\/wp\/v2\/categories?post=1663"},{"taxonomy":"post_tag","embeddable":true,"href":"https:\/\/e-tic.ro\/en\/wp-json\/wp\/v2\/tags?post=1663"}],"curies":[{"name":"wp","href":"https:\/\/api.w.org\/{rel}","templated":true}]}}