{"id":1549,"date":"2022-05-11T12:14:12","date_gmt":"2022-05-11T12:14:12","guid":{"rendered":"https:\/\/e-tic.ro\/?p=1549"},"modified":"2023-03-04T17:05:40","modified_gmt":"2023-03-04T17:05:40","slug":"municipiul-sfantu-gheorghe-gazduieste-o-noua-sesiune-de-formare-a-proiectului-e-tic","status":"publish","type":"post","link":"https:\/\/e-tic.ro\/en\/municipiul-sfantu-gheorghe-gazduieste-o-noua-sesiune-de-formare-a-proiectului-e-tic\/","title":{"rendered":"Municipiul Sf\u00e2ntu Gheorghe g\u0103zduie\u0219te o nou\u0103 Sesiune de formare a proiectului E-TIC"},"content":{"rendered":"<p style=\"font-weight: 400;\">\u00cen perioada 9 \u2013 12 mai 2022 are loc \u00een municipiul Sf\u00e2ntu Gheorghe cea de-a 29-a sesiune de formare organizat\u0103 de AMR \u00een cadrul proiectului \u201e\u00cembun\u0103t\u0103\u021birea accesului \u0219i a calit\u0103\u021bii serviciilor pentru cet\u0103\u021beni \u2013 o administra\u021bie public\u0103 transparent\u0103 \u0219i responsabil\u0103\u201d, proiect finan\u021bat prin Granturile SEE \u0219i Norvegiene 2014-2021.<\/p>\n<p style=\"font-weight: 400;\">Pe parcursul sesiunii, ale\u0219i locali, func\u021bionari publici \u0219i consilieri de etic\u0103 din municipiile Sf\u00e2ntu Gheorghe, Topli\u021ba, F\u0103g\u0103ra\u0219 \u0219i T\u00e2rgu Jiu sunt instrui\u021bi \u00een 4 domenii vizate de proiect, \u0219i anume: transparen\u021b\u0103 decizional\u0103, etic\u0103 organiza\u021bional\u0103, incompatibilit\u0103\u021bi \u0219i conflicte de interese.<\/p>\n<p style=\"font-weight: 400;\">\u00cen deschiderea sesiunii de formare doamna Vargha Fruzsina, Viceprimarul municipiului Sf\u00e2ntu Gheorghe a adresat participan\u021bilor un cuv\u00e2nt de bun venit \u0219i a exprimat interesul fa\u021b\u0103 de subiectele tratate prin proiect.<\/p>\n<p style=\"font-weight: 400;\">Doamna Sibi\u0219an Andra Genoveva, secretar general al municipiului Adjud, \u00een calitate de formator al proiectului a sus\u021binut prezent\u0103ri pe temele cuprinse \u00een agenda program a sesiunii de formare \u0219i a creat un mediu potrivit discu\u021biilor pe temele proiectului, generate de no\u021biunile prezentate dar \u0219i de experien\u021ba profesional\u0103 a participan\u021bilor.<\/p>\n<p style=\"font-weight: 400;\">\u00cen prima zi a sesiunii domnul Moraru Adrian, expert pe etic\u0103 \u0219i transparen\u021b\u0103, membru al echipei de proiect AMR a prezentat aspecte viz\u00e2nd conceptele de etic\u0103, moral\u0103 \u0219i integritate, S-au dezb\u0103tut spe\u021be pe dileme etice \u00een scopul identific\u0103rii unor solutii optime pentru a cre\u0219te responsabilitatea func\u021bionarilor implica\u021bi \u00een procesul decizional \u0219i a gradului de aplicare a prevederilor legale raportat la valorile morale individuale.<\/p>\n<p style=\"font-weight: 400;\">Doamna Sibi\u0219an a prezentat principiile bunei guvern\u0103ri, \u0219i a subliniat importan\u021ba responsabilit\u0103\u021bii \u0219i a comportamentului etic \u00eentr-o institu\u021bie a administra\u021biei publice.<\/p>\n<p style=\"font-weight: 400;\">Urmare particip\u0103rii doamnei Sibi\u0219an la prima vizit\u0103 de studiu din Norvegia, organizat\u0103 pentru AMR \u00een perioada 13-17 martie 2022, au fost prezentate informa\u021bii \u0219i experien\u021be ale Prim\u0103riei Hamar \u0219i Asocia\u021biei Autorit\u0103\u021bilor Locale \u0219i Regionale din Norvegia, KS Norway \u2013 partener al proiectului. S-au reg\u0103sit informa\u021bii despre: sursele de venituri ale bugetului local, verificarea cheltuirii banilor publici \u0219i transparentizarea cheltuirii acestora.<\/p>\n<p style=\"font-weight: 400;\">\u00cen cadrul instruirii au fost prezentate no\u021biuni legate de conflicte de interese \u0219i incompatibilit\u0103\u021bi ale ale\u0219ilor locali \u0219i func\u021bionarilor publici, precum \u0219i cadrul legal de reglementare.<\/p>\n<p style=\"font-weight: 400;\">Cursan\u021bii vor elabora un plan de ac\u021biune pentru fiecare municipiu care va cuprinde activit\u0103\u021bi stabilite pe baza unor nevoi existente la nivel local \u00een vederea implement\u0103rii p\u00e2n\u0103 la sf\u00e2r\u0219itul proiectului. Activit\u0103\u021bile planificate vor avea drept scop diseminarea la nivelul prim\u0103riei \u0219i al Consiliului Local a cuno\u0219tin\u021belor acumulate \u0219i \u00eembun\u0103t\u0103\u021birea situa\u021biei existente \u00een municipiile prezente la sesiune.<\/p>\n<p><img fetchpriority=\"high\" decoding=\"async\" class=\"aligncenter size-large wp-image-1553\" src=\"https:\/\/e-tic.ro\/wp-content\/uploads\/2022\/05\/POZA-2-2-1024x768.jpeg\" alt=\"\" width=\"1024\" height=\"768\" srcset=\"https:\/\/e-tic.ro\/wp-content\/uploads\/2022\/05\/POZA-2-2-1024x768.jpeg 1024w, https:\/\/e-tic.ro\/wp-content\/uploads\/2022\/05\/POZA-2-2-300x225.jpeg 300w, https:\/\/e-tic.ro\/wp-content\/uploads\/2022\/05\/POZA-2-2-768x576.jpeg 768w, https:\/\/e-tic.ro\/wp-content\/uploads\/2022\/05\/POZA-2-2-195x146.jpeg 195w, https:\/\/e-tic.ro\/wp-content\/uploads\/2022\/05\/POZA-2-2-50x38.jpeg 50w, https:\/\/e-tic.ro\/wp-content\/uploads\/2022\/05\/POZA-2-2-100x75.jpeg 100w, https:\/\/e-tic.ro\/wp-content\/uploads\/2022\/05\/POZA-2-2-960x720.jpeg 960w\" sizes=\"(max-width:767px) 480px, (max-width:1024px) 100vw, 1024px\" \/><\/p>\n<p><img decoding=\"async\" class=\"aligncenter size-large wp-image-1552\" src=\"https:\/\/e-tic.ro\/wp-content\/uploads\/2022\/05\/POZA-1-2-1024x768.jpeg\" alt=\"\" width=\"1024\" height=\"768\" srcset=\"https:\/\/e-tic.ro\/wp-content\/uploads\/2022\/05\/POZA-1-2-1024x768.jpeg 1024w, https:\/\/e-tic.ro\/wp-content\/uploads\/2022\/05\/POZA-1-2-300x225.jpeg 300w, https:\/\/e-tic.ro\/wp-content\/uploads\/2022\/05\/POZA-1-2-768x576.jpeg 768w, https:\/\/e-tic.ro\/wp-content\/uploads\/2022\/05\/POZA-1-2-195x146.jpeg 195w, https:\/\/e-tic.ro\/wp-content\/uploads\/2022\/05\/POZA-1-2-50x38.jpeg 50w, https:\/\/e-tic.ro\/wp-content\/uploads\/2022\/05\/POZA-1-2-100x75.jpeg 100w, https:\/\/e-tic.ro\/wp-content\/uploads\/2022\/05\/POZA-1-2-960x720.jpeg 960w\" sizes=\"(max-width:767px) 480px, (max-width:1024px) 100vw, 1024px\" \/><\/p>\n<p><img decoding=\"async\" class=\"aligncenter size-large wp-image-1550\" src=\"https:\/\/e-tic.ro\/wp-content\/uploads\/2022\/05\/POZA-4-2-1024x768.jpeg\" alt=\"\" width=\"1024\" height=\"768\" srcset=\"https:\/\/e-tic.ro\/wp-content\/uploads\/2022\/05\/POZA-4-2-1024x768.jpeg 1024w, https:\/\/e-tic.ro\/wp-content\/uploads\/2022\/05\/POZA-4-2-300x225.jpeg 300w, https:\/\/e-tic.ro\/wp-content\/uploads\/2022\/05\/POZA-4-2-768x576.jpeg 768w, https:\/\/e-tic.ro\/wp-content\/uploads\/2022\/05\/POZA-4-2-195x146.jpeg 195w, https:\/\/e-tic.ro\/wp-content\/uploads\/2022\/05\/POZA-4-2-50x38.jpeg 50w, https:\/\/e-tic.ro\/wp-content\/uploads\/2022\/05\/POZA-4-2-100x75.jpeg 100w, https:\/\/e-tic.ro\/wp-content\/uploads\/2022\/05\/POZA-4-2-960x720.jpeg 960w\" sizes=\"(max-width:767px) 480px, (max-width:1024px) 100vw, 1024px\" \/><\/p>","protected":false},"excerpt":{"rendered":"<p>\u00cen perioada 9 \u2013 12 mai 2022 are loc \u00een municipiul Sf\u00e2ntu Gheorghe cea de-a 29-a sesiune de formare organizat\u0103 de AMR \u00een cadrul proiectului \u201e\u00cembun\u0103t\u0103\u021birea<span class=\"excerpt-hellip\"> [\u2026]<\/span><\/p>","protected":false},"author":16,"featured_media":1551,"comment_status":"open","ping_status":"open","sticky":false,"template":"","format":"standard","meta":{"footnotes":""},"categories":[5],"tags":[],"class_list":["post-1549","post","type-post","status-publish","format-standard","has-post-thumbnail","hentry","category-stiri"],"_links":{"self":[{"href":"https:\/\/e-tic.ro\/en\/wp-json\/wp\/v2\/posts\/1549","targetHints":{"allow":["GET"]}}],"collection":[{"href":"https:\/\/e-tic.ro\/en\/wp-json\/wp\/v2\/posts"}],"about":[{"href":"https:\/\/e-tic.ro\/en\/wp-json\/wp\/v2\/types\/post"}],"author":[{"embeddable":true,"href":"https:\/\/e-tic.ro\/en\/wp-json\/wp\/v2\/users\/16"}],"replies":[{"embeddable":true,"href":"https:\/\/e-tic.ro\/en\/wp-json\/wp\/v2\/comments?post=1549"}],"version-history":[{"count":1,"href":"https:\/\/e-tic.ro\/en\/wp-json\/wp\/v2\/posts\/1549\/revisions"}],"predecessor-version":[{"id":1554,"href":"https:\/\/e-tic.ro\/en\/wp-json\/wp\/v2\/posts\/1549\/revisions\/1554"}],"wp:featuredmedia":[{"embeddable":true,"href":"https:\/\/e-tic.ro\/en\/wp-json\/wp\/v2\/media\/1551"}],"wp:attachment":[{"href":"https:\/\/e-tic.ro\/en\/wp-json\/wp\/v2\/media?parent=1549"}],"wp:term":[{"taxonomy":"category","embeddable":true,"href":"https:\/\/e-tic.ro\/en\/wp-json\/wp\/v2\/categories?post=1549"},{"taxonomy":"post_tag","embeddable":true,"href":"https:\/\/e-tic.ro\/en\/wp-json\/wp\/v2\/tags?post=1549"}],"curies":[{"name":"wp","href":"https:\/\/api.w.org\/{rel}","templated":true}]}}