{"id":1526,"date":"2022-04-11T12:45:09","date_gmt":"2022-04-11T12:45:09","guid":{"rendered":"https:\/\/e-tic.ro\/?p=1526"},"modified":"2023-03-04T17:07:05","modified_gmt":"2023-03-04T17:07:05","slug":"sesiuni-de-formare-cu-tema-etica-si-transparenta-incompatibilitati-si-conflict-de-interese-in-administratia-publica-locala-pentru-reprezentantii-comunelor-din-judetele-alba-vrancea","status":"publish","type":"post","link":"https:\/\/e-tic.ro\/en\/sesiuni-de-formare-cu-tema-etica-si-transparenta-incompatibilitati-si-conflict-de-interese-in-administratia-publica-locala-pentru-reprezentantii-comunelor-din-judetele-alba-vrancea\/","title":{"rendered":"Sesiuni de formare cu tema \u201eEtic\u0103 \u0219i transparen\u021b\u0103, incompatibilit\u0103\u021bi \u0219i conflict de interese \u00een administra\u021bia public\u0103 local\u0103\u201d pentru reprezentan\u021bii comunelor din jude\u021bele Alba, Vrancea \u0219i Mure\u0219"},"content":{"rendered":"<p style=\"font-weight: 400;\">\u00cen perioada 07 \u2013 10 aprilie au avut loc dou\u0103 sesiuni de formare organizate de Asocia\u021bia Comunelor din Rom\u00e2nia (ACoR) \u00een cadrul proiectului \u201e\u00cembun\u0103t\u0103\u021birea accesului \u0219i calit\u0103\u021bii serviciilor pentru cet\u0103\u021beni \u2013 o administra\u021bie public\u0103 transparent\u0103 \u0219i responsabil\u0103\u201d, finan\u021bat prin Granturile Norvegiene, \u00een cadrul Programului Dezvoltare local\u0103.<\/p>\n<p style=\"font-weight: 400;\">Sesiunile de formare au avut tema \u201eEtic\u0103 \u0219i transparen\u021b\u0103, incompatibilit\u0103\u021bi \u0219i conflict de interese \u00een administra\u021bia public\u0103 local\u0103\u201d \u0219i s-au adresat reprezentan\u021bilor comunelor din jude\u021bele Alba (la care au participat 33 de persoane), Vrancea (la care au participat 21 persoane) \u0219i Mure\u0219 (la care au participat 7 de persoane)<\/p>\n<p style=\"font-weight: 400;\">Obiectivele sesiunilor de instruire au avut \u00een vedere \u00een\u021belegerea conceptului de bun\u0103 guvernare, \u00eembun\u0103t\u0103\u021birea cuno\u0219tin\u021belor participan\u021bilor cu privire la aspecte legate de etic\u0103 \u0219i transparen\u021b\u0103 \u00een administra\u021bia public\u0103 local\u0103, asimilarea noilor modific\u0103ri legislative, formarea unor abilit\u0103\u021bi de lucru pentru consilierul de etic\u0103, pornind de la principiile bunei guvern\u0103ri \u0219i prezentarea unor exemple de bune practici la nivel na\u021bional \u0219i interna\u021bional \u00een domeniu.<\/p>\n<p style=\"font-weight: 400;\">Dorina ANTONESCU, formatorul cursului pentru jude\u021bul Alba, a eviden\u021biat implicarea activ\u0103 a participan\u021bilor la programul de formare \u0219i rolul important pe care Filiala Jude\u021bean\u0103 Alba a ACoR \u00eel are \u00een ceea ce prive\u0219te sus\u021binerea autorit\u0103\u021bilor publice din jude\u021b prin ac\u021biuni de informare \u0219i consiliere cu privire la modul de implementare a prevederilor legale referitoare la etic\u0103 \u0219i transparen\u021b\u0103.<\/p>\n<p style=\"font-weight: 400;\"><img fetchpriority=\"high\" decoding=\"async\" class=\"aligncenter size-large wp-image-1530\" src=\"https:\/\/e-tic.ro\/wp-content\/uploads\/2022\/05\/IMG_6717-1024x768.jpg\" alt=\"\" width=\"1024\" height=\"768\" srcset=\"https:\/\/e-tic.ro\/wp-content\/uploads\/2022\/05\/IMG_6717-1024x768.jpg 1024w, https:\/\/e-tic.ro\/wp-content\/uploads\/2022\/05\/IMG_6717-300x225.jpg 300w, https:\/\/e-tic.ro\/wp-content\/uploads\/2022\/05\/IMG_6717-768x576.jpg 768w, https:\/\/e-tic.ro\/wp-content\/uploads\/2022\/05\/IMG_6717-195x146.jpg 195w, https:\/\/e-tic.ro\/wp-content\/uploads\/2022\/05\/IMG_6717-50x38.jpg 50w, https:\/\/e-tic.ro\/wp-content\/uploads\/2022\/05\/IMG_6717-100x75.jpg 100w, https:\/\/e-tic.ro\/wp-content\/uploads\/2022\/05\/IMG_6717-960x720.jpg 960w\" sizes=\"(max-width:767px) 480px, (max-width:1024px) 100vw, 1024px\" \/><\/p>\n<p style=\"font-weight: 400;\">Sesiunea de instruire dedicat\u0103 jude\u021bele Mure\u0219 \u0219i Vrancea, l-a avut ca formator pe domnul Nicolae-Liviu DASC\u0102LU, primarul comunei M\u0103r\u0103cineni, jude\u021bul Arge\u0219. Acesta a subliniat \u00een cadrul sesiunii faptul c\u0103 dezvoltarea comunitar\u0103 implic\u0103 efortul comun al tuturor factorilor interesa\u021bi (autorit\u0103\u021bi, cet\u0103\u021beni, ONG-uri) pentru a creiona o viziune comun\u0103, iar promovarea transparen\u021bei \u0219i a eticii \u00een via\u021ba public\u0103 nu se poate realiza f\u0103r\u0103 contribu\u021bia \u0219i rolul activ al autorit\u0103\u021bilor \u0219i institu\u021biilor publice.<\/p>\n<p style=\"font-weight: 400;\"><img decoding=\"async\" class=\"aligncenter size-large wp-image-1531\" src=\"https:\/\/e-tic.ro\/wp-content\/uploads\/2022\/05\/20220409_123114-1024x768.jpg\" alt=\"\" width=\"1024\" height=\"768\" srcset=\"https:\/\/e-tic.ro\/wp-content\/uploads\/2022\/05\/20220409_123114-1024x768.jpg 1024w, https:\/\/e-tic.ro\/wp-content\/uploads\/2022\/05\/20220409_123114-300x225.jpg 300w, https:\/\/e-tic.ro\/wp-content\/uploads\/2022\/05\/20220409_123114-768x576.jpg 768w, https:\/\/e-tic.ro\/wp-content\/uploads\/2022\/05\/20220409_123114-195x146.jpg 195w, https:\/\/e-tic.ro\/wp-content\/uploads\/2022\/05\/20220409_123114-50x38.jpg 50w, https:\/\/e-tic.ro\/wp-content\/uploads\/2022\/05\/20220409_123114-100x75.jpg 100w, https:\/\/e-tic.ro\/wp-content\/uploads\/2022\/05\/20220409_123114-960x720.jpg 960w\" sizes=\"(max-width:767px) 480px, (max-width:1024px) 100vw, 1024px\" \/><\/p>\n<p style=\"font-weight: 400;\">Pe \u00eentreg parcursul sesiunii de formare, cursan\u021bii au interac\u021bionat permanent \u00een cadrul dezbaterilor, au oferit diferite perspective de la nivel local, au participat activ la dialog.<\/p>\n<p style=\"font-weight: 400;\">Ambele sesiuni de formare s-au desf\u0103\u0219urat la Hotelul Traian, C\u0103lim\u0103ne\u0219ti, C\u0103ciulata, jude\u021bul V\u00e2lcea \u0219i fac parte din cele 121 de astfel de evenimente organizate de Asocia\u021bia Comunelor din Rom\u00e2nia (ACoR) \u0219i Asocia\u021bia Municipiilor din Rom\u00e2nia (AMR), \u00een cadrul proiectului, iar p\u00e2n\u0103 la finalul acestuia vor fi instrui\u021bi \u00een cele 4 domenii un num\u0103r de 2800 de reprezentan\u021bi ai autorit\u0103\u021bilor publice locale (2000 reprezentan\u021bi ai comunelor \u0219i 800 ai municipiilor).<\/p>\n<p><img decoding=\"async\" class=\"aligncenter size-large wp-image-1528\" src=\"https:\/\/e-tic.ro\/wp-content\/uploads\/2022\/05\/20220410_090934-1024x768.jpg\" alt=\"\" width=\"1024\" height=\"768\" srcset=\"https:\/\/e-tic.ro\/wp-content\/uploads\/2022\/05\/20220410_090934-1024x768.jpg 1024w, https:\/\/e-tic.ro\/wp-content\/uploads\/2022\/05\/20220410_090934-300x225.jpg 300w, https:\/\/e-tic.ro\/wp-content\/uploads\/2022\/05\/20220410_090934-768x576.jpg 768w, https:\/\/e-tic.ro\/wp-content\/uploads\/2022\/05\/20220410_090934-195x146.jpg 195w, https:\/\/e-tic.ro\/wp-content\/uploads\/2022\/05\/20220410_090934-50x38.jpg 50w, https:\/\/e-tic.ro\/wp-content\/uploads\/2022\/05\/20220410_090934-100x75.jpg 100w, https:\/\/e-tic.ro\/wp-content\/uploads\/2022\/05\/20220410_090934-960x720.jpg 960w\" sizes=\"(max-width:767px) 480px, (max-width:1024px) 100vw, 1024px\" \/><\/p>\n<p><img loading=\"lazy\" decoding=\"async\" class=\"aligncenter size-large wp-image-1529\" src=\"https:\/\/e-tic.ro\/wp-content\/uploads\/2022\/05\/IMG_6701-1024x768.jpg\" alt=\"\" width=\"1024\" height=\"768\" srcset=\"https:\/\/e-tic.ro\/wp-content\/uploads\/2022\/05\/IMG_6701-1024x768.jpg 1024w, https:\/\/e-tic.ro\/wp-content\/uploads\/2022\/05\/IMG_6701-300x225.jpg 300w, https:\/\/e-tic.ro\/wp-content\/uploads\/2022\/05\/IMG_6701-768x576.jpg 768w, https:\/\/e-tic.ro\/wp-content\/uploads\/2022\/05\/IMG_6701-195x146.jpg 195w, https:\/\/e-tic.ro\/wp-content\/uploads\/2022\/05\/IMG_6701-50x38.jpg 50w, https:\/\/e-tic.ro\/wp-content\/uploads\/2022\/05\/IMG_6701-100x75.jpg 100w, https:\/\/e-tic.ro\/wp-content\/uploads\/2022\/05\/IMG_6701-960x720.jpg 960w\" sizes=\"(max-width:767px) 480px, (max-width:1024px) 100vw, 1024px\" \/><\/p>","protected":false},"excerpt":{"rendered":"<p>\u00cen perioada 07 \u2013 10 aprilie au avut loc dou\u0103 sesiuni de formare organizate de Asocia\u021bia Comunelor din Rom\u00e2nia (ACoR) \u00een cadrul proiectului \u201e\u00cembun\u0103t\u0103\u021birea accesului \u0219i<span class=\"excerpt-hellip\"> [\u2026]<\/span><\/p>","protected":false},"author":16,"featured_media":1527,"comment_status":"open","ping_status":"open","sticky":false,"template":"","format":"standard","meta":{"footnotes":""},"categories":[5],"tags":[],"class_list":["post-1526","post","type-post","status-publish","format-standard","has-post-thumbnail","hentry","category-stiri"],"_links":{"self":[{"href":"https:\/\/e-tic.ro\/en\/wp-json\/wp\/v2\/posts\/1526","targetHints":{"allow":["GET"]}}],"collection":[{"href":"https:\/\/e-tic.ro\/en\/wp-json\/wp\/v2\/posts"}],"about":[{"href":"https:\/\/e-tic.ro\/en\/wp-json\/wp\/v2\/types\/post"}],"author":[{"embeddable":true,"href":"https:\/\/e-tic.ro\/en\/wp-json\/wp\/v2\/users\/16"}],"replies":[{"embeddable":true,"href":"https:\/\/e-tic.ro\/en\/wp-json\/wp\/v2\/comments?post=1526"}],"version-history":[{"count":1,"href":"https:\/\/e-tic.ro\/en\/wp-json\/wp\/v2\/posts\/1526\/revisions"}],"predecessor-version":[{"id":1532,"href":"https:\/\/e-tic.ro\/en\/wp-json\/wp\/v2\/posts\/1526\/revisions\/1532"}],"wp:featuredmedia":[{"embeddable":true,"href":"https:\/\/e-tic.ro\/en\/wp-json\/wp\/v2\/media\/1527"}],"wp:attachment":[{"href":"https:\/\/e-tic.ro\/en\/wp-json\/wp\/v2\/media?parent=1526"}],"wp:term":[{"taxonomy":"category","embeddable":true,"href":"https:\/\/e-tic.ro\/en\/wp-json\/wp\/v2\/categories?post=1526"},{"taxonomy":"post_tag","embeddable":true,"href":"https:\/\/e-tic.ro\/en\/wp-json\/wp\/v2\/tags?post=1526"}],"curies":[{"name":"wp","href":"https:\/\/api.w.org\/{rel}","templated":true}]}}