{"id":1361,"date":"2021-10-25T06:57:02","date_gmt":"2021-10-25T06:57:02","guid":{"rendered":"https:\/\/e-tic.ro\/?p=1361"},"modified":"2023-03-04T17:07:06","modified_gmt":"2023-03-04T17:07:06","slug":"a-doua-sesiune-de-formare-dedicata-alesilor-locali-aflati-la-primul-mandat","status":"publish","type":"post","link":"https:\/\/e-tic.ro\/en\/a-doua-sesiune-de-formare-dedicata-alesilor-locali-aflati-la-primul-mandat\/","title":{"rendered":"A doua\u00a0sesiune de formare dedicat\u0103 ale\u0219ilor locali afla\u021bi la primul mandat"},"content":{"rendered":"<p>Asocia\u021bia Comunelor din Rom\u00e2nia organizeaz\u0103 a doua<b>\u00a0sesiune de formare dedicat\u0103 ale\u0219ilor locali afla\u021bi la primul mandat<\/b>, \u00een cadrul\u00a0<i>proiectului \u201e\u00cembun\u0103t\u0103\u021birea accesului \u0219i calit\u0103\u021bii serviciilor pentru cet\u0103\u021beni \u2013 o administra\u021bie public\u0103 transparent\u0103 \u0219i responsabil\u0103\u201d, finan\u021bat prin Granturile Norvegiene, Programul Dezvoltare local\u0103.<\/i><\/p>\n<p>Sesiunea de formare se va desf\u0103\u0219ura \u00een perioada\u00a0<b>18 &#8211; 21 noiembrie 2021 la hotelul Szeifert \u00a0din Sovata<\/b>, jud. Mure\u0219. Evenimentul va fi organizat numai pentru ale\u0219ii locali (primari, viceprimari, consilieri locali) afla\u021bi la primul mandat (ob\u021binut \u00een 2020 sau 2021) din\u00a0<i>comunele din Regiunile de dezvoltare Centru \u0219i Nord-Vest.<\/i><\/p>\n<p>Prin bugetul proiectului se asigur\u0103 pentru fiecare participant costurile cu\u00a0 sesiunea de formare, cazarea, masa \u0219i pauzele de cafea. Transportul participan\u021bilor la curs este \u00een sarcina acestora.<\/p>\n<p><b><a href=\"https:\/\/e-tic.ro\/en\/inscrie-te-la-curs\/acor-2\/\">V\u0103 invit\u0103m s\u0103 v\u0103 \u00eenscrie\u021bi pentru a participa la aceast\u0103 sesiune de formare<\/a>, primele 30 de persoane care vor trimite formularul de \u00eenscriere fiind \u0219i acceptate.\u00a0<\/b>\u00cen vederea \u00eenscrierii, v\u0103 rug\u0103m s\u0103 transmite\u021bi Formularul de \u00eenscriere precum \u0219i o copie dup\u0103 cartea de identitate, la adresa de e-mail\u00a0<a href=\"mailto:alexandra.serban@acor.ro\" target=\"_blank\" rel=\"noopener noreferrer\">alexandra.serban@acor.<wbr \/>ro<\/a>\u00a0p\u00e2n\u0103 cel mai t\u00e2rziu \u00een data de\u00a0<strong>03 noiembrie 2021<\/strong>.<\/p>\n<p><em>Men\u021bion\u0103m faptul c\u0103, dac\u0103 a\u021bi participat deja la una dintre sesiunele de formare \u201eTransparen\u021b\u0103, etic\u0103, incompatibilit\u0103\u021bi \u0219i conflict de interese \u00een administra\u021bia public\u0103 local\u0103\u201d organizate deja de c\u0103tre ACoR \u00een cadrul proiectului pe parcursul anului 2021, nu mai pute\u021bi participa \u0219i la aceast\u0103 sesiune de formare!<\/em><\/p>\n<p>Av\u00e2nd \u00een vedere evolu\u021bia pandemiei de SARS-COV2 \u0219i reglement\u0103rile \u00een vigoare, precum \u0219i inciden\u021ba cazurilor de covid \u00een Sinaia, v\u0103 aducem la cuno\u0219tin\u021b\u0103 c\u0103, \u00een conformitate cu m\u0103surile adoptate de Guvernul Romaniei \u00een vederea limit\u0103rii r\u0103sp\u00e2ndirii virusului,\u00a0<b>participarea la cursurile de instruire<\/b>,\u00a0<i>dac\u0103 inciden\u021ba cumulat\u0103 la 14 zile \u00een jude\u021b\/localitate este mai mare de 6\/1.000 de locuitori<\/i>, este permis\u0103 organizarea\u00a0 de\u00a0 cursuri\u00a0 de instruire\u00a0 \u0219i\u00a0 workshop-uri\u00a0 pentru\u00a0 adul\u021bi, inclusiv cele pentru implementarea proiectelor finan\u021bate din fonduri europene la interior sau exterior, doar \u00een intervalul orar 5,00-24,00, cu participarea persoanelor p\u00e2n\u0103 la 50% din capacitatea maxim\u0103 a spa\u021biului,\u00a0<strong>dac\u0103 to\u021bi participan\u021bii sunt persoane vaccinate \u00eempotriva virusului SARS-CoV-2<\/strong>\u00a0\u0219i pentru care au trecut 10 zile de la finalizarea schemei complete de vaccinare\u00a0<strong>sau persoane care se afl\u0103 \u00een perioada cuprins\u0103 \u00eentre a 15-a zi \u0219i a 180-a zi ulterioar\u0103 confirm\u0103rii infect\u0103rii cu SARS-CoV-2,<\/strong>\u00a0\u0219i sunt asigurate m\u0103suri pentru purtarea m\u0103\u0219tii de protec\u021bie \u0219i o suprafa\u021b\u0103 de minimum 2mp pentru fiecare persoan\u0103.<\/p>\n<p>Prin urmare,\u00a0<b>v\u0103 rug\u0103m s\u0103 trimite\u021bi \u0219i certificatul COVID,<\/b>\u00a0care s\u0103 ateste una din situa\u021biile de mai sus, \u00eempreun\u0103 cu formularul de \u00eenscriere (pentru dvs. si eventualii \u00eenso\u021bitori), pe care \u00eel pute\u021bi ob\u021bine de pe site-ul\u00a0\u00a0<a href=\"https:\/\/certificat-covid.gov.ro\/\" target=\"_blank\" rel=\"noopener noreferrer\" data-saferedirecturl=\"https:\/\/www.google.com\/url?q=https:\/\/certificat-covid.gov.ro\/&amp;source=gmail&amp;ust=1634977776094000&amp;usg=AFQjCNEkPMkg4tCXxwdLpzRNsp5sGvXC7g\">https:\/\/certificat-covid.gov.<wbr \/>ro\/<\/a>.<\/p>\n<p>Cei \u00eenscri\u0219i vor fi contacta\u021bi telefonic pentru a li se comunica detaliile organizatorice aferente organiz\u0103rii cursului.<\/p>\n<p>Informa\u021bii detaliate pute\u021bi ob\u021bine de la Aurel RADU (tel: 0723303556, e-mail:\u00a0<a href=\"mailto:aurel.radu@acor.ro\" target=\"_blank\" rel=\"noopener noreferrer\">aurel.radu@acor.ro<\/a>), organizator evenimente proiect \u0219i de la Alexandra \u0218erban, responsabil grup \u021bint\u0103 (tel: 0722249113, e-mail:\u00a0<a href=\"mailto:alexandra.serban@acor.ro\" target=\"_blank\" rel=\"noopener noreferrer\">alexandra.serban@acor.ro<\/a>).<\/p>","protected":false},"excerpt":{"rendered":"<p>Asocia\u021bia Comunelor din Rom\u00e2nia organizeaz\u0103 a doua\u00a0sesiune de formare dedicat\u0103 ale\u0219ilor locali afla\u021bi la primul mandat, \u00een cadrul\u00a0proiectului \u201e\u00cembun\u0103t\u0103\u021birea accesului \u0219i calit\u0103\u021bii serviciilor pentru cet\u0103\u021beni \u2013<span class=\"excerpt-hellip\"> [\u2026]<\/span><\/p>","protected":false},"author":16,"featured_media":1357,"comment_status":"open","ping_status":"open","sticky":false,"template":"","format":"standard","meta":{"footnotes":""},"categories":[5],"tags":[],"class_list":["post-1361","post","type-post","status-publish","format-standard","has-post-thumbnail","hentry","category-stiri"],"_links":{"self":[{"href":"https:\/\/e-tic.ro\/en\/wp-json\/wp\/v2\/posts\/1361","targetHints":{"allow":["GET"]}}],"collection":[{"href":"https:\/\/e-tic.ro\/en\/wp-json\/wp\/v2\/posts"}],"about":[{"href":"https:\/\/e-tic.ro\/en\/wp-json\/wp\/v2\/types\/post"}],"author":[{"embeddable":true,"href":"https:\/\/e-tic.ro\/en\/wp-json\/wp\/v2\/users\/16"}],"replies":[{"embeddable":true,"href":"https:\/\/e-tic.ro\/en\/wp-json\/wp\/v2\/comments?post=1361"}],"version-history":[{"count":1,"href":"https:\/\/e-tic.ro\/en\/wp-json\/wp\/v2\/posts\/1361\/revisions"}],"predecessor-version":[{"id":1362,"href":"https:\/\/e-tic.ro\/en\/wp-json\/wp\/v2\/posts\/1361\/revisions\/1362"}],"wp:featuredmedia":[{"embeddable":true,"href":"https:\/\/e-tic.ro\/en\/wp-json\/wp\/v2\/media\/1357"}],"wp:attachment":[{"href":"https:\/\/e-tic.ro\/en\/wp-json\/wp\/v2\/media?parent=1361"}],"wp:term":[{"taxonomy":"category","embeddable":true,"href":"https:\/\/e-tic.ro\/en\/wp-json\/wp\/v2\/categories?post=1361"},{"taxonomy":"post_tag","embeddable":true,"href":"https:\/\/e-tic.ro\/en\/wp-json\/wp\/v2\/tags?post=1361"}],"curies":[{"name":"wp","href":"https:\/\/api.w.org\/{rel}","templated":true}]}}