{"id":1356,"date":"2021-10-14T13:06:42","date_gmt":"2021-10-14T13:06:42","guid":{"rendered":"https:\/\/e-tic.ro\/?p=1356"},"modified":"2023-03-04T17:07:06","modified_gmt":"2023-03-04T17:07:06","slug":"prima-sesiune-de-formare-dedicata-alesilor-locali-aflati-la-primul-mandat","status":"publish","type":"post","link":"https:\/\/e-tic.ro\/en\/prima-sesiune-de-formare-dedicata-alesilor-locali-aflati-la-primul-mandat\/","title":{"rendered":"Prima sesiune de\u00a0formare\u00a0dedicat\u0103 ale\u0219ilor\u00a0locali\u00a0afla\u021bi la primul mandat"},"content":{"rendered":"<p><a href=\"https:\/\/acor.ro\">Asocia\u021bia Comunelor din Rom\u00e2nia<\/a> organizeaz\u0103\u00a0<b>prima sesiune de\u00a0<span class=\"il\">formare<\/span>\u00a0dedicat\u0103 ale\u0219ilor\u00a0<span class=\"il\">locali<\/span>\u00a0afla\u021bi la primul mandat<\/b>, \u00een cadrul\u00a0<i>proiectului \u201e\u00cembun\u0103t\u0103\u021birea accesului \u0219i calit\u0103\u021bii serviciilor\u00a0<span class=\"il\">pentru<\/span>\u00a0cet\u0103\u021beni \u2013 o administra\u021bie public\u0103 transparent\u0103 \u0219i responsabil\u0103\u201d, finan\u021bat prin Granturile Norvegiene, Programul Dezvoltare local\u0103.<\/i><\/p>\n<p>Sesiunea de\u00a0<span class=\"il\">formare<\/span>\u00a0se va desf\u0103\u0219ura \u00een perioada 0<b>4-07 noiembrie 2021 la hotelul Mara din Sinaia<\/b>, jud. Prahova. Evenimentul va fi organizat numai\u00a0<span class=\"il\">pentru<\/span>\u00a0ale\u0219i\u00a0<span class=\"il\">locali<\/span>\u00a0(primari, viceprimari, consilieri\u00a0<span class=\"il\">locali<\/span>) afla\u021bi la primul mandat (ob\u021binut \u00een 2020 sau 2021) din\u00a0<i>comunele din Regiunile de dezvoltare Sud-Est \u0219i Sud-Muntenia.<\/i><\/p>\n<p>Prin bugetul proiectului, se asigur\u0103\u00a0<span class=\"il\">pentru<\/span>\u00a0fiecare participant costurile cu\u00a0 sesiunea de\u00a0<span class=\"il\">formare<\/span>, cazarea, masa \u0219i pauzele de cafea. Transportul participan\u021bilor la curs este \u00een sarcina acestora.<\/p>\n<p><b><a href=\"https:\/\/e-tic.ro\/en\/inscrie-te-la-curs\/acor-2\/\">V\u0103 invit\u0103m s\u0103 v\u0103 \u00eenscrie\u021bi\u00a0<span class=\"il\">pentru<\/span>\u00a0a participa la aceast\u0103 sesiune de\u00a0<span class=\"il\">formare<\/span><\/a>, primele 30 de persoane care vor trimite <a href=\"https:\/\/e-tic.ro\/wp-content\/uploads\/2021\/10\/PNP002_Formular_%C3%AEnscriere.docx\">formularul de \u00eenscriere<\/a> fiind \u0219i acceptate.\u00a0<\/b>\u00cen vederea \u00eenscrierii, v\u0103 rug\u0103m s\u0103 transmite\u021bi Formularul de \u00eenscriere precum \u0219i o copie dup\u0103 cartea de identitate, la adresa de e-mail\u00a0\u00a0<a href=\"mailto:alexandra.serban@acor.ro\" target=\"_blank\" rel=\"noopener noreferrer\">alexandra.serban@acor.ro<\/a>\u00a0p\u00e2n\u0103 cel mai t\u00e2rziu \u00een data de 22 octombrie 2021.<\/p>\n<p><em>Men\u021bion\u0103m faptul c\u0103, dac\u0103 a\u021bi participat deja la una dintre sesiunele de\u00a0<span class=\"il\">formare<\/span>\u00a0\u201eTransparen\u021b\u0103, etic\u0103, incompatibilit\u0103\u021bi \u0219i conflict de interese \u00een administra\u021bia public\u0103 local\u0103\u201d organizate deja de c\u0103tre ACoR \u00een cadrul proiectului pe parcursul anului 2021, nu mai pute\u021bi participa \u0219i la aceast\u0103 sesiune de\u00a0<span class=\"il\">formare<\/span>!<\/em><\/p>\n<p>Av\u00e2nd \u00een vedere evolu\u021bia pandemiei de SARS-COV2 \u0219i reglement\u0103rile \u00een vigoare, precum \u0219i inciden\u021ba cazurilor de covid \u00een Sinaia, v\u0103 aducem la cuno\u0219tin\u021b\u0103 c\u0103, \u00een conformitate cu m\u0103surile adoptate de Guvernul Romaniei \u00een vederea limit\u0103rii r\u0103sp\u00e2ndirii virusului,\u00a0<b>participarea la cursurile de instruire<\/b>,\u00a0<i>dac\u0103 inciden\u021ba cumulat\u0103 la 14 zile \u00een jude\u021b\/localitate este mai mare de 6\/1.000 de locuitori<\/i>, este permis\u0103 organizarea\u00a0 de\u00a0 cursuri\u00a0 de instruire\u00a0 \u0219i\u00a0 workshop-uri\u00a0\u00a0<span class=\"il\">pentru<\/span>\u00a0 adul\u021bi, inclusiv cele\u00a0<span class=\"il\">pentru<\/span>\u00a0implementarea proiectelor finan\u021bate din fonduri europene la interior sau exterior, doar \u00een intervalul orar 5,00-24,00, cu participarea persoanelor p\u00e2n\u0103 la 50% din capacitatea maxim\u0103 a spa\u021biului,\u00a0<strong>dac\u0103 to\u021bi participan\u021bii sunt persoane vaccinate \u00eempotriva virusului SARS-CoV-2<\/strong>\u00a0\u0219i\u00a0<span class=\"il\">pentru<\/span>\u00a0care au trecut 10 zile de la finalizarea schemei complete de vaccinare\u00a0<strong>sau persoane care se afl\u0103 \u00een perioada cuprins\u0103 \u00eentre a 15-a zi \u0219i a 180-a zi ulterioar\u0103 confirm\u0103rii infect\u0103rii cu SARS-CoV-2,<\/strong>\u00a0\u0219i sunt asigurate m\u0103suri\u00a0<span class=\"il\">pentru<\/span>\u00a0purtarea m\u0103\u0219tii de protec\u021bie \u0219i o suprafa\u021b\u0103 de minimum 2mp\u00a0<span class=\"il\">pentru<\/span>\u00a0fiecare persoan\u0103.<\/p>\n<p>Prin urmare,\u00a0<b>v\u0103 rug\u0103m s\u0103 trimite\u021bi \u0219i certificatul COVID,<\/b>\u00a0care s\u0103 ateste una din situa\u021biile de mai sus, \u00eempreun\u0103 cu formularul de \u00eenscriere (<span class=\"il\">pentru<\/span>\u00a0dvs. si eventualii \u00eenso\u021bitori), pe care \u00eel pute\u021bi ob\u021bine de pe site-ul\u00a0\u00a0<a href=\"https:\/\/certificat-covid.gov.ro\/\" target=\"_blank\" rel=\"noopener noreferrer\" data-saferedirecturl=\"https:\/\/www.google.com\/url?q=https:\/\/certificat-covid.gov.ro\/&amp;source=gmail&amp;ust=1634907246949000&amp;usg=AFQjCNEr90Y0StIQ6uVQbPR_N1AQjwQLYw\">https:\/\/certificat-covid.gov.<wbr \/>ro\/<\/a>.<\/p>\n<p>Cei \u00eenscri\u0219i vor fi contacta\u021bi telefonic\u00a0<span class=\"il\">pentru<\/span>\u00a0a li se comunica detaliile organizatorice aferente organiz\u0103rii cursului.<\/p>\n<p>Informa\u021bii detaliate pute\u021bi ob\u021bine de la Aurel RADU (tel: 0723303556, e-mail:\u00a0<a href=\"mailto:aurel.radu@acor.ro\" target=\"_blank\" rel=\"noopener noreferrer\">aurel.radu@acor.ro<\/a>), organizator evenimente proiect \u0219i de la Alexandra \u0218erban, responsabil grup \u021bint\u0103 (tel: 0722249113, e-mail:\u00a0<a href=\"mailto:alexandra.serban@acor.ro\" target=\"_blank\" rel=\"noopener noreferrer\">alexandra.serban@acor.ro<\/a>).<\/p>","protected":false},"excerpt":{"rendered":"<p>Asocia\u021bia Comunelor din Rom\u00e2nia organizeaz\u0103\u00a0prima sesiune de\u00a0formare\u00a0dedicat\u0103 ale\u0219ilor\u00a0locali\u00a0afla\u021bi la primul mandat, \u00een cadrul\u00a0proiectului \u201e\u00cembun\u0103t\u0103\u021birea accesului \u0219i calit\u0103\u021bii serviciilor\u00a0pentru\u00a0cet\u0103\u021beni \u2013 o administra\u021bie public\u0103 transparent\u0103 \u0219i responsabil\u0103\u201d, finan\u021bat<span class=\"excerpt-hellip\"> [\u2026]<\/span><\/p>","protected":false},"author":16,"featured_media":1357,"comment_status":"open","ping_status":"open","sticky":false,"template":"","format":"standard","meta":{"footnotes":""},"categories":[5],"tags":[],"class_list":["post-1356","post","type-post","status-publish","format-standard","has-post-thumbnail","hentry","category-stiri"],"_links":{"self":[{"href":"https:\/\/e-tic.ro\/en\/wp-json\/wp\/v2\/posts\/1356","targetHints":{"allow":["GET"]}}],"collection":[{"href":"https:\/\/e-tic.ro\/en\/wp-json\/wp\/v2\/posts"}],"about":[{"href":"https:\/\/e-tic.ro\/en\/wp-json\/wp\/v2\/types\/post"}],"author":[{"embeddable":true,"href":"https:\/\/e-tic.ro\/en\/wp-json\/wp\/v2\/users\/16"}],"replies":[{"embeddable":true,"href":"https:\/\/e-tic.ro\/en\/wp-json\/wp\/v2\/comments?post=1356"}],"version-history":[{"count":1,"href":"https:\/\/e-tic.ro\/en\/wp-json\/wp\/v2\/posts\/1356\/revisions"}],"predecessor-version":[{"id":1358,"href":"https:\/\/e-tic.ro\/en\/wp-json\/wp\/v2\/posts\/1356\/revisions\/1358"}],"wp:featuredmedia":[{"embeddable":true,"href":"https:\/\/e-tic.ro\/en\/wp-json\/wp\/v2\/media\/1357"}],"wp:attachment":[{"href":"https:\/\/e-tic.ro\/en\/wp-json\/wp\/v2\/media?parent=1356"}],"wp:term":[{"taxonomy":"category","embeddable":true,"href":"https:\/\/e-tic.ro\/en\/wp-json\/wp\/v2\/categories?post=1356"},{"taxonomy":"post_tag","embeddable":true,"href":"https:\/\/e-tic.ro\/en\/wp-json\/wp\/v2\/tags?post=1356"}],"curies":[{"name":"wp","href":"https:\/\/api.w.org\/{rel}","templated":true}]}}