{"id":1083,"date":"2020-08-25T18:39:21","date_gmt":"2020-08-25T18:39:21","guid":{"rendered":"https:\/\/e-tic.ro\/?p=1083"},"modified":"2020-08-25T18:39:23","modified_gmt":"2020-08-25T18:39:23","slug":"o-noua-sesiune-de-instruire-organizata-de-acor-pentru-autoritatile-publice-locale","status":"publish","type":"post","link":"https:\/\/e-tic.ro\/en\/o-noua-sesiune-de-instruire-organizata-de-acor-pentru-autoritatile-publice-locale\/","title":{"rendered":"O nou\u0103 sesiune de instruire organizat\u0103 de ACoR pentru autorit\u0103\u021bile publice locale"},"content":{"rendered":"<p>O nou\u0103 sesiune de instruire la care au participat 19 reprezentan\u021bi ai comunelor s-a \u00eencheiat s\u00e2mb\u0103t\u0103, 22 august, la Poiana Bra\u0219ov.<\/p>\n\n\n\n<p>Reprezentan\u021bii comunelor au fost instrui\u021bi \u00een cele 4 domenii ale proiectului <em>\u201e\u00cembun\u0103t\u0103\u021birea accesului \u0219i calit\u0103\u021bii serviciilor pentru cet\u0103\u021beni\u2013 o administra\u021bie public\u0103 transparent\u0103 \u0219i responsabil\u0103\u201d<\/em>, finan\u021bat prin Granturile Norvegiene:<\/p>\n\n\n\n<ul class=\"wp-block-list\"><li>Etic\u0103;<\/li><li>Transparen\u021b\u0103;<\/li><li>Conflict de interese;<\/li><li>Incompatibilit\u0103\u021bi.<\/li><\/ul>\n\n\n\n<p>La eveniment au participat \u00een sistem de teleconferin\u021b\u0103 exper\u021bii KS, Lise SPIKKELAND, consilier superior al KS \u0219i Bj\u00f8rn RONGEV\u00c6R, consilier principal al KS.<\/p>\n\n\n\n<p>Participan\u021bii au dorit s\u0103 cunoasc\u0103 cele mai frecvente situa\u021bii de conflict de interese cu care autorit\u0103\u021bile norvegiene se confrunt\u0103.<\/p>\n\n\n\n<p>Exper\u021bii KS au subliniat c\u0103 cele mai evidente situa\u021bii de conflict de interese sunt cele legate de rela\u021biile familiale, de prietenie sau de afaceri, dar c\u0103 exist\u0103 \u0219i alte situa\u021bii mai subtile \u0219i mai greu de identificat precum de\u021binerea unei func\u021bii publice \u0219i cea de membru \u00een consiliul de administra\u021bie al unei \u0219coli, spital sau companie, \u00een acela\u0219i timp.<\/p>","protected":false},"excerpt":{"rendered":"<p>O nou\u0103 sesiune de instruire la care au participat 19 reprezentan\u021bi ai comunelor s-a \u00eencheiat s\u00e2mb\u0103t\u0103, 22 august, la Poiana Bra\u0219ov. Reprezentan\u021bii comunelor au fost instrui\u021bi<span class=\"excerpt-hellip\"> [\u2026]<\/span><\/p>","protected":false},"author":16,"featured_media":1084,"comment_status":"open","ping_status":"open","sticky":false,"template":"","format":"standard","meta":{"footnotes":""},"categories":[1],"tags":[],"class_list":["post-1083","post","type-post","status-publish","format-standard","has-post-thumbnail","hentry","category-uncategorized"],"_links":{"self":[{"href":"https:\/\/e-tic.ro\/en\/wp-json\/wp\/v2\/posts\/1083","targetHints":{"allow":["GET"]}}],"collection":[{"href":"https:\/\/e-tic.ro\/en\/wp-json\/wp\/v2\/posts"}],"about":[{"href":"https:\/\/e-tic.ro\/en\/wp-json\/wp\/v2\/types\/post"}],"author":[{"embeddable":true,"href":"https:\/\/e-tic.ro\/en\/wp-json\/wp\/v2\/users\/16"}],"replies":[{"embeddable":true,"href":"https:\/\/e-tic.ro\/en\/wp-json\/wp\/v2\/comments?post=1083"}],"version-history":[{"count":1,"href":"https:\/\/e-tic.ro\/en\/wp-json\/wp\/v2\/posts\/1083\/revisions"}],"predecessor-version":[{"id":1085,"href":"https:\/\/e-tic.ro\/en\/wp-json\/wp\/v2\/posts\/1083\/revisions\/1085"}],"wp:featuredmedia":[{"embeddable":true,"href":"https:\/\/e-tic.ro\/en\/wp-json\/wp\/v2\/media\/1084"}],"wp:attachment":[{"href":"https:\/\/e-tic.ro\/en\/wp-json\/wp\/v2\/media?parent=1083"}],"wp:term":[{"taxonomy":"category","embeddable":true,"href":"https:\/\/e-tic.ro\/en\/wp-json\/wp\/v2\/categories?post=1083"},{"taxonomy":"post_tag","embeddable":true,"href":"https:\/\/e-tic.ro\/en\/wp-json\/wp\/v2\/tags?post=1083"}],"curies":[{"name":"wp","href":"https:\/\/api.w.org\/{rel}","templated":true}]}}